{"id":87183,"date":"2017-12-11T17:55:13","date_gmt":"2017-12-11T19:55:13","guid":{"rendered":"http:\/\/diarioregionaljf.com.br\/2017\/12\/11\/conselho-municipal-de-assistencia-social-abre-inscricoes-para-representantes\/"},"modified":"2017-12-11T17:55:13","modified_gmt":"2017-12-11T19:55:13","slug":"conselho-municipal-de-assistencia-social-abre-inscricoes-para-representantes","status":"publish","type":"post","link":"https:\/\/diarioregionaldigital.com.br\/?p=87183","title":{"rendered":"Conselho Municipal de Assist\u00eancia Social abre inscri\u00e7\u00f5es para representantes"},"content":{"rendered":"<p>Nesta segunda-feira, 11, est\u00e1 aberto o per\u00edodo de inscri\u00e7\u00f5es para o \u201c11\u00ba Processo de Escolha dos Representantes da Sociedade Civil\u201d, que definir\u00e1 a composi\u00e7\u00e3o do Conselho Municipal de Assist\u00eancia Social de Juiz de Fora (CMAS\/JF) para o bi\u00eanio fevereiro de 2018 a fevereiro de 2020. Ser\u00e3o aprovados 13 representantes titulares, sendo quatro de entidades prestadoras de servi\u00e7os socioassistenciais; tr\u00eas de organiza\u00e7\u00f5es de usu\u00e1rios da Assist\u00eancia Social; quatro dos conselhos regionais e dois de trabalhadores da \u00e1rea e seus suplentes. As entidades e organiza\u00e7\u00f5es que desejarem participar como candidatas dever\u00e3o se habilitar at\u00e9 o pr\u00f3ximo dia 18, das 8h30 \u00e0s 11h30 e das 14h30 \u00e0s 17h30, nos dias \u00fateis, na secretaria executiva do CMAS\/JF, na Rua Halfeld, n\u00ba450, 7\u00ba andar, Centro.<\/p>\n<p>O CMAS\/JF tem a fun\u00e7\u00e3o de estabelecer diretrizes a serem observadas no Plano Municipal de Assist\u00eancia Social, aprovar as pol\u00edticas do setor e gerir o Fundo Municipal de Assist\u00eancia Social, fiscalizando a movimenta\u00e7\u00e3o e aplica\u00e7\u00e3o de recursos. Para a inscri\u00e7\u00e3o, os interessados devem ficar atentos \u00e0s especifica\u00e7\u00f5es do <a href=\"https:\/\/www.pjf.mg.gov.br\/noticias\/anexo\/inscricoes_representantes_editais_4.pdf\" target=\"_blank\" rel=\"noopener noreferrer\">regulamento<\/a>, respeitando dia, hor\u00e1rio e documenta\u00e7\u00e3o exigida para cada perfil de candidato e vaga a ser disputada.<\/p>\n<p>&nbsp;<\/p>\n<p>Fonte: Assessoria<\/p>\n","protected":false},"excerpt":{"rendered":"<p>Nesta segunda-feira, 11, est\u00e1 aberto o per\u00edodo de inscri\u00e7\u00f5es para o \u201c11\u00ba Processo de Escolha dos Representantes da Sociedade Civil\u201d, que definir\u00e1 a composi\u00e7\u00e3o do Conselho Municipal de Assist\u00eancia Social de Juiz de Fora (CMAS\/JF) para o bi\u00eanio fevereiro de 2018 a fevereiro de 2020. Ser\u00e3o aprovados 13 representantes titulares, sendo quatro de entidades prestadoras [&hellip;]<\/p>\n","protected":false},"author":96,"featured_media":87182,"comment_status":"closed","ping_status":"closed","sticky":false,"template":"","format":"standard","meta":{"footnotes":""},"categories":[262],"tags":[],"class_list":["post-87183","post","type-post","status-publish","format-standard","has-post-thumbnail","hentry","category-noticias"],"_links":{"self":[{"href":"https:\/\/diarioregionaldigital.com.br\/index.php?rest_route=\/wp\/v2\/posts\/87183","targetHints":{"allow":["GET"]}}],"collection":[{"href":"https:\/\/diarioregionaldigital.com.br\/index.php?rest_route=\/wp\/v2\/posts"}],"about":[{"href":"https:\/\/diarioregionaldigital.com.br\/index.php?rest_route=\/wp\/v2\/types\/post"}],"author":[{"embeddable":true,"href":"https:\/\/diarioregionaldigital.com.br\/index.php?rest_route=\/wp\/v2\/users\/96"}],"replies":[{"embeddable":true,"href":"https:\/\/diarioregionaldigital.com.br\/index.php?rest_route=%2Fwp%2Fv2%2Fcomments&post=87183"}],"version-history":[{"count":0,"href":"https:\/\/diarioregionaldigital.com.br\/index.php?rest_route=\/wp\/v2\/posts\/87183\/revisions"}],"wp:featuredmedia":[{"embeddable":true,"href":"https:\/\/diarioregionaldigital.com.br\/index.php?rest_route=\/wp\/v2\/media\/87182"}],"wp:attachment":[{"href":"https:\/\/diarioregionaldigital.com.br\/index.php?rest_route=%2Fwp%2Fv2%2Fmedia&parent=87183"}],"wp:term":[{"taxonomy":"category","embeddable":true,"href":"https:\/\/diarioregionaldigital.com.br\/index.php?rest_route=%2Fwp%2Fv2%2Fcategories&post=87183"},{"taxonomy":"post_tag","embeddable":true,"href":"https:\/\/diarioregionaldigital.com.br\/index.php?rest_route=%2Fwp%2Fv2%2Ftags&post=87183"}],"curies":[{"name":"wp","href":"https:\/\/api.w.org\/{rel}","templated":true}]}}