{"id":87181,"date":"2017-12-11T17:08:50","date_gmt":"2017-12-11T19:08:50","guid":{"rendered":"http:\/\/diarioregionaljf.com.br\/2017\/12\/11\/prorrogada-por-mais-90-dias-permanencia-da-forca-nacional-no-amazonas\/"},"modified":"2017-12-11T17:08:50","modified_gmt":"2017-12-11T19:08:50","slug":"prorrogada-por-mais-90-dias-permanencia-da-forca-nacional-no-amazonas","status":"publish","type":"post","link":"https:\/\/diarioregionaldigital.com.br\/?p=87181","title":{"rendered":"Prorrogada por mais 90 dias perman\u00eancia da For\u00e7a Nacional no Amazonas"},"content":{"rendered":"<p>O Minist\u00e9rio da Justi\u00e7a prorrogou por mais 90 dias a perman\u00eancia da For\u00e7a Nacional de Seguran\u00e7a P\u00fablica no Amazonas para a\u00e7\u00f5es de apoio ao sistema prisional do estado. A portaria que prorroga o prazo est\u00e1 publicada na edi\u00e7\u00e3o dessa segunda-feira, 11, do Di\u00e1rio Oficial da Uni\u00e3o.<\/p>\n<p>A contagem do prazo inicia em 31 de dezembro, quando vencer\u00e1 a portaria em vigor. Assim, os militares permanecer\u00e3o no Amazonas at\u00e9 o dia 31 de mar\u00e7o de 2018.<\/p>\n<p>A atua\u00e7\u00e3o da For\u00e7a Nacional no Amazonas ocorre a pedido do governador com o prop\u00f3sito de apoiar as a\u00e7\u00f5es da Pol\u00edcia Militar no controle do sistema prisional.<\/p>\n<p>A portaria prev\u00ea a continuidade das a\u00e7\u00f5es de policiamento ostensivo, na modalidade de radiopatrulhamento, nos per\u00edmetros externos de unidades do sistema prisional. De acordo com o Minist\u00e9rio Justi\u00e7a, a opera\u00e7\u00e3o no Amazonas teve in\u00edcio no dia 10 de janeiro deste ano.<\/p>\n<p>No in\u00edcio do ano, o sistema prisional do estado registrou uma s\u00e9rie de rebeli\u00f5es em diferentes unidades. A maior delas ocorreu no Complexo Penitenci\u00e1rio An\u00edsio Jobim (Compaj), em 1\u00b0 de janeiro deste ano, quando 56 detentos morreram e 119 fugiram. A conclus\u00e3o do inqu\u00e9rito da Pol\u00edcia Civil \u00e9 que as mortes ocorreram por rivalidade entre as duas fac\u00e7\u00f5es criminosas do pres\u00eddio: a Fam\u00edlia do Norte (FDN) e o Primeiro Comando da Capital (PCC).<\/p>\n<p>Fonte: Ag\u00eancia Brasil<\/p>\n","protected":false},"excerpt":{"rendered":"<p>O Minist\u00e9rio da Justi\u00e7a prorrogou por mais 90 dias a perman\u00eancia da For\u00e7a Nacional de Seguran\u00e7a P\u00fablica no Amazonas para a\u00e7\u00f5es de apoio ao sistema prisional do estado. A portaria que prorroga o prazo est\u00e1 publicada na edi\u00e7\u00e3o dessa segunda-feira, 11, do Di\u00e1rio Oficial da Uni\u00e3o. A contagem do prazo inicia em 31 de dezembro, [&hellip;]<\/p>\n","protected":false},"author":96,"featured_media":87180,"comment_status":"closed","ping_status":"closed","sticky":false,"template":"","format":"standard","meta":{"footnotes":""},"categories":[302],"tags":[],"class_list":["post-87181","post","type-post","status-publish","format-standard","has-post-thumbnail","hentry","category-brasil-mundo"],"_links":{"self":[{"href":"https:\/\/diarioregionaldigital.com.br\/index.php?rest_route=\/wp\/v2\/posts\/87181","targetHints":{"allow":["GET"]}}],"collection":[{"href":"https:\/\/diarioregionaldigital.com.br\/index.php?rest_route=\/wp\/v2\/posts"}],"about":[{"href":"https:\/\/diarioregionaldigital.com.br\/index.php?rest_route=\/wp\/v2\/types\/post"}],"author":[{"embeddable":true,"href":"https:\/\/diarioregionaldigital.com.br\/index.php?rest_route=\/wp\/v2\/users\/96"}],"replies":[{"embeddable":true,"href":"https:\/\/diarioregionaldigital.com.br\/index.php?rest_route=%2Fwp%2Fv2%2Fcomments&post=87181"}],"version-history":[{"count":0,"href":"https:\/\/diarioregionaldigital.com.br\/index.php?rest_route=\/wp\/v2\/posts\/87181\/revisions"}],"wp:featuredmedia":[{"embeddable":true,"href":"https:\/\/diarioregionaldigital.com.br\/index.php?rest_route=\/wp\/v2\/media\/87180"}],"wp:attachment":[{"href":"https:\/\/diarioregionaldigital.com.br\/index.php?rest_route=%2Fwp%2Fv2%2Fmedia&parent=87181"}],"wp:term":[{"taxonomy":"category","embeddable":true,"href":"https:\/\/diarioregionaldigital.com.br\/index.php?rest_route=%2Fwp%2Fv2%2Fcategories&post=87181"},{"taxonomy":"post_tag","embeddable":true,"href":"https:\/\/diarioregionaldigital.com.br\/index.php?rest_route=%2Fwp%2Fv2%2Ftags&post=87181"}],"curies":[{"name":"wp","href":"https:\/\/api.w.org\/{rel}","templated":true}]}}