{"id":87179,"date":"2017-12-11T16:54:44","date_gmt":"2017-12-11T18:54:44","guid":{"rendered":"http:\/\/diarioregionaljf.com.br\/2017\/12\/11\/ventos-fortes-muita-chuva-e-neve-causam-transtornos-na-europa\/"},"modified":"2017-12-11T16:54:44","modified_gmt":"2017-12-11T18:54:44","slug":"ventos-fortes-muita-chuva-e-neve-causam-transtornos-na-europa","status":"publish","type":"post","link":"https:\/\/diarioregionaldigital.com.br\/?p=87179","title":{"rendered":"Ventos fortes, muita chuva e neve causam transtornos na Europa"},"content":{"rendered":"<p>A Tempestade Ana chegou ao continente europeu no domingo, 10, com muito vento, chuva e neve em Portugal, na Espanha e Fran\u00e7a. A passagem da tempestade j\u00e1 contabiliza diversos estragos, com feridos, desalojados, dezenas de estradas interditadas, centenas de voos cancelados e \u00e1rvores ca\u00eddas.<\/p>\n<p>Segundo o Instituto Portugu\u00eas de Mar e Atmosfera (IPMA), a Tempestade Ana se formou no domingo \u00e0 noroeste da Pen\u00ednsula Ib\u00e9rica, numa regi\u00e3o que se estende at\u00e9 a Escandin\u00e1via. O territ\u00f3rio continental de Portugal come\u00e7ou a ser afetado de manh\u00e3, sendo que o per\u00edodo mais cr\u00edtico foi registrado durante a tarde e a madrugada dessa segunda-feira, 11, com ventos fortes, precipita\u00e7\u00e3o intensa, queda de neve e forte agita\u00e7\u00e3o mar\u00edtima. As fortes rajadas de vento chegaram a 130 quil\u00f4metro por hora (km\/h) nas terras altas do Norte e Centro at\u00e9 o in\u00edcio da manh\u00e3 de hoje.<\/p>\n<p>Em toda a Europa foram registrados centenas de voos cancelados. Em Calais, na Fran\u00e7a, um ferry boat encalhou com mais de 300 passageiros a bordo, devido a chuva e rajadas de vento de 120 km\/h. Ap\u00f3s v\u00e1rias horas de trabalho, quatro rebocadores conseguiram resgatar a embarca\u00e7\u00e3o, sem feridos. Na Gal\u00edcia, regi\u00e3o espanhola, os ventos chegaram a 150 km\/h. Portugal registrou mais de 3 mil ocorr\u00eancias (entre milhares de \u00e1rvores e estruturas diversas ca\u00eddas).<\/p>\n<p>Ap\u00f3s a passagem da Tempestade Ana, que j\u00e1 deixou Portugal e est\u00e1 sobre a Fran\u00e7a, espera-se a chegada de uma frente polar e o regresso de temperaturas negativas nos pa\u00edses.<\/p>\n<p>&nbsp;<\/p>\n<h4>IDENTIFICA\u00c7\u00c3O<\/h4>\n<p>A Europa ainda n\u00e3o est\u00e1 acostumada a dar nomes \u00e0s tempestades, diferente do que j\u00e1 acontece do outro lado do Atl\u00e2ntico. No entanto, a partir do dia 1\u00ba de dezembro desse ano, as esta\u00e7\u00f5es meteorol\u00f3gicas da Fran\u00e7a, Portugal e Espanha nomear\u00e3o as tempestades que possam produzir grande impacto para pessoas e bens. O motivo \u00e9 que a popula\u00e7\u00e3o permanece mais atenta \u00e0s recomenda\u00e7\u00f5es de seguran\u00e7a quando a amea\u00e7a dos ventos fortes est\u00e1 claramente identificada.<\/p>\n<p>Um comunicado oficial da Ag\u00eancia Estatal de Meteorologia da Espanha (Aemet) informa que o fato de \u201cnomear as tempestades profundas favorece que a comunica\u00e7\u00e3o seja mais efetiva diante de um epis\u00f3dio adverso. A tempestade profunda s\u00f3 ser\u00e1 nomeada quando se preveja condi\u00e7\u00f5es que d\u00eaem lugar a emiss\u00e3o de alertas de vento de n\u00edvel laranja ou vermelho em algum dos tr\u00eas pa\u00edses\u201d.<\/p>\n<p>As esta\u00e7\u00f5es meteorol\u00f3gicas de Portugal, Fran\u00e7a e Espanha nomear\u00e3o conjuntamente as tempestades em ordem alfab\u00e9tica. A lista dos nomes, que j\u00e1 foi definida, \u00e9 Ana, Bruno, Carmen, David, Emma, Felix, Gisele, Hugo, Irene, Jose, Katia, Leo, Marina, Nuno, Olivia, Pierre, Rosa, Samuel, Telma, Vasco, Wiam.<\/p>\n<p>O comunicado explica ainda que a tempestade manter\u00e1 o mesmo nome ao longo de todo o seu ciclo de vida. Apenas as tempestades do Atl\u00e2ntico ser\u00e3o nomeadas e n\u00e3o as tempestades do Mediterr\u00e2neo. Al\u00e9m disso, os avisos associados aos ventos locais ou regionais n\u00e3o ser\u00e3o levados em considera\u00e7\u00e3o ao nomear tempestades profundas.<\/p>\n<h4>&nbsp;<\/h4>\n<h4>PORTUGAL<\/h4>\n<p>Em Portugal, foi registrada a morte de uma mulher, ap\u00f3s a queda de uma \u00e1rvore. Al\u00e9m disso, tr\u00eas pessoas ficaram feridas e tr\u00eas desalojadas, segundo o balan\u00e7o nacional da Autoridade Nacional da Prote\u00e7\u00e3o Civil. Os n\u00fameros podem subir na medida em que haja atualiza\u00e7\u00e3o das informa\u00e7\u00f5es.<\/p>\n<p>A Tempestade Ana colocou ainda oito distritos em alerta vermelho e provocou a queda de 983 \u00e1rvores e 270 estruturas, al\u00e9m de 128 inunda\u00e7\u00f5es e um inc\u00eandio. Mais de 30 estradas foram interditadas, sobretudo no norte e no centro do pa\u00eds. As informa\u00e7\u00f5es s\u00e3o da Ag\u00eancia Nacional de Prote\u00e7\u00e3o Civil (ANPC).<\/p>\n<p>&nbsp;<\/p>\n<h4>ESPANHA<\/h4>\n<p>A Ag\u00eancia Estatal de Meteorologia da Espanha informou no domingo que a tempestade passaria pelo norte do Mar Cant\u00e1brico durante a tarde e a noite de domingo, chegando \u00e0 Fran\u00e7a na manh\u00e3 de hoje. A passagem da tempestade causou ventos muito fortes, m\u00e1s condi\u00e7\u00f5es mar\u00edtimas e chuvas fortes e prolongadas, que afetaram boa parte da pen\u00ednsula e das Ilhas Baleares. Na regi\u00e3o costeira da Andaluzia e do Mediterr\u00e2neo foram registradas ondas de at\u00e9 5 metros.<\/p>\n<p>&nbsp;<\/p>\n<h4>FRAN\u00c7A<\/h4>\n<p>De acordo com jornal franc\u00eas Le Figaro, 32 prov\u00edncias est\u00e3o em alerta laranja para neve, vento e precipita\u00e7\u00e3o. Na manh\u00e3 dessa segunda, ventos fortes sopraram sobre uma parte do oeste da Fran\u00e7a e fortes chuvas cairam no sudeste. No meio da manh\u00e3, 120 mil fam\u00edlias ficaram privadas de eletricidade por causa da tempestade. Ao meio-dia, os ventos mais fortes estavam presentes na costa da Normandia com rajadas acima de 100 km\/h. A tempestade tamb\u00e9m deixou cerca de 80 mil casas sem eletricidade no Vale do Loire hoje, informou o jornal Le Parisien.<\/p>\n<p>&nbsp;<\/p>\n<h4>NORTE DA EUROPA<\/h4>\n<p>No norte da Europa as fortes chuvas, ventos e neve tamb\u00e9m v\u00eam causando estragos. De acordo com o site da brit\u00e2nica BBC, a acumula\u00e7\u00e3o de neve pesada causou mais de 350 cancelamentos de voos e atrasos no aeroporto de Schiphol, nos Pa\u00edses Baixos e no aeroporto de Bruxelas. Os viajantes foram avisados para verificar as atualiza\u00e7\u00f5es de voos antes de sair de casa, em vez de ir para o aeroporto com mau tempo.<\/p>\n<p>No domingo, no Reino Unido, milhares de casas ficaram sem eletricidade. Hoje, centenas de escolas foram fechadas. As condi\u00e7\u00f5es das estradas foram descritas como perigosas em muitas \u00e1reas.<\/p>\n<p>Na Alemanha, a grande quantidade de neve que caiu causou muitos acidentes de carro e engarrafamentos, bem como atrasos de trens. Mais de 300 voos foram cancelados no domingo no aeroporto de Frankfurt, o mais movimentado na Alemanha.<\/p>\n<p>Fonte: Ag\u00eancia Brasil<\/p>\n","protected":false},"excerpt":{"rendered":"<p>A Tempestade Ana chegou ao continente europeu no domingo, 10, com muito vento, chuva e neve em Portugal, na Espanha e Fran\u00e7a. A passagem da tempestade j\u00e1 contabiliza diversos estragos, com feridos, desalojados, dezenas de estradas interditadas, centenas de voos cancelados e \u00e1rvores ca\u00eddas. Segundo o Instituto Portugu\u00eas de Mar e Atmosfera (IPMA), a Tempestade [&hellip;]<\/p>\n","protected":false},"author":96,"featured_media":87178,"comment_status":"closed","ping_status":"closed","sticky":false,"template":"","format":"standard","meta":{"footnotes":""},"categories":[302],"tags":[],"class_list":["post-87179","post","type-post","status-publish","format-standard","has-post-thumbnail","hentry","category-brasil-mundo"],"_links":{"self":[{"href":"https:\/\/diarioregionaldigital.com.br\/index.php?rest_route=\/wp\/v2\/posts\/87179","targetHints":{"allow":["GET"]}}],"collection":[{"href":"https:\/\/diarioregionaldigital.com.br\/index.php?rest_route=\/wp\/v2\/posts"}],"about":[{"href":"https:\/\/diarioregionaldigital.com.br\/index.php?rest_route=\/wp\/v2\/types\/post"}],"author":[{"embeddable":true,"href":"https:\/\/diarioregionaldigital.com.br\/index.php?rest_route=\/wp\/v2\/users\/96"}],"replies":[{"embeddable":true,"href":"https:\/\/diarioregionaldigital.com.br\/index.php?rest_route=%2Fwp%2Fv2%2Fcomments&post=87179"}],"version-history":[{"count":0,"href":"https:\/\/diarioregionaldigital.com.br\/index.php?rest_route=\/wp\/v2\/posts\/87179\/revisions"}],"wp:featuredmedia":[{"embeddable":true,"href":"https:\/\/diarioregionaldigital.com.br\/index.php?rest_route=\/wp\/v2\/media\/87178"}],"wp:attachment":[{"href":"https:\/\/diarioregionaldigital.com.br\/index.php?rest_route=%2Fwp%2Fv2%2Fmedia&parent=87179"}],"wp:term":[{"taxonomy":"category","embeddable":true,"href":"https:\/\/diarioregionaldigital.com.br\/index.php?rest_route=%2Fwp%2Fv2%2Fcategories&post=87179"},{"taxonomy":"post_tag","embeddable":true,"href":"https:\/\/diarioregionaldigital.com.br\/index.php?rest_route=%2Fwp%2Fv2%2Ftags&post=87179"}],"curies":[{"name":"wp","href":"https:\/\/api.w.org\/{rel}","templated":true}]}}