{"id":87177,"date":"2017-12-11T16:45:47","date_gmt":"2017-12-11T18:45:47","guid":{"rendered":"http:\/\/diarioregionaljf.com.br\/2017\/12\/11\/decisao-de-trump-sobre-jerusalem-gera-protesto-em-frente-a-embaixadas-americanas\/"},"modified":"2017-12-11T16:45:47","modified_gmt":"2017-12-11T18:45:47","slug":"decisao-de-trump-sobre-jerusalem-gera-protesto-em-frente-a-embaixadas-americanas","status":"publish","type":"post","link":"https:\/\/diarioregionaldigital.com.br\/?p=87177","title":{"rendered":"Decis\u00e3o de Trump sobre Jerusal\u00e9m gera protesto em frente a embaixadas americanas"},"content":{"rendered":"<p>Os protestos que se iniciaram desde que o presidente dos Estados Unidos, Donald Trump, anunciou o reconhecimento de Jerusal\u00e9m como capital de Israel continuaram nesse domingo, 10. Em diferentes localidades ocorreram manifesta\u00e7\u00f5es em frente \u00e0s embaixadas dos Estados Unidos.&nbsp; Ontem, a Liga \u00c1rabe, formada por 22 pa\u00edses, divulgou comunicado no qual rejeita a decis\u00e3o.<\/p>\n<p>Em Jacarta, capital da Indon\u00e9sia, cerca de 10 mil pessoas, segundo c\u00e1lculos dos ve\u00edculos de imprensa locais, concentraram-se em frente \u00e0 embaixada norte-americana para protestar contra a decis\u00e3o de Trump. A manifesta\u00e7\u00e3o, convocada por um partido pol\u00edtico de ideologia isl\u00e2mica e parte da oposi\u00e7\u00e3o ao atual governo indon\u00e9sio, ocorreu com o fechamento de uma d\u00fazia de ruas e sem incidentes violentos, conforme afirmou a pol\u00edcia em um comunicado.<\/p>\n<p>Com bandeiras da Palestina e cartazes contra o Trump, os manifestantes se reuniram para mostrar sua insatisfa\u00e7\u00e3o com a decis\u00e3o do governante americano e exigir &#8220;justi\u00e7a internacional&#8221; para o povo palestino.<\/p>\n<p>A embaixada americana pediu na \u00faltima sexta-feira, 8, que seus cidad\u00e3os tomassem cuidado e &#8220;evitassem zonas de manifesta\u00e7\u00f5es&#8221;. O presidente da Indon\u00e9sia, Joko Widodo, condenou na \u00faltima quinta-feira, 7, a decis\u00e3o de Trump e pediu que ele reconsiderasse sua posi\u00e7\u00e3o.<\/p>\n<p>No L\u00edbano, a pol\u00edcia reprimiu os manifestantes que protestavam nesse domingo em frente \u00e0 representa\u00e7\u00e3o diplom\u00e1tica norte-americana na capital, Beirute. Os policiais lan\u00e7aram g\u00e1s lacrimog\u00eaneo, e as equipes de Defesa Civil empregaram canh\u00f5es de \u00e1gua para dispersar os manifestantes, que lan\u00e7aram garrafas e atearam fogo em pneus e cont\u00eaineres de lixo na \u00e1rea de Aukar, pr\u00f3xima \u00e0 sede da embaixada.<\/p>\n<p>Segundo a imprensa, h\u00e1 feridos entre os manifestantes, que portavam bandeiras palestinas e dos grupos pol\u00edticos que organizaram o protesto, entre os quais havia forma\u00e7\u00f5es esquerdistas e islamitas libanesas, bem como de fac\u00e7\u00f5es palestinas.<\/p>\n<p>Os participantes do protesto entoaram palavras de ordem contra Israel e Trump e queimaram fotos do governante americano. Com a convoca\u00e7\u00e3o do protesto em Beirute, as for\u00e7as de seguran\u00e7a tomaram medidas preventivas e fecharam as ruas que levam \u00e0 embaixada americana, raz\u00e3o pela qual os manifestantes se concentraram a mais de 1 quil\u00f4metro de dist\u00e2ncia do pr\u00e9dio.<\/p>\n<p>Nos \u00faltimos dias ocorreram manifesta\u00e7\u00f5es em v\u00e1rios pa\u00edses \u00e1rabes e mu\u00e7ulmanos contra a decis\u00e3o de Trump, que foi condenada tamb\u00e9m pelos l\u00edderes pol\u00edticos da regi\u00e3o e pela comunidade internacional.<\/p>\n<p>&nbsp;<\/p>\n<h4>LIGA \u00c1RABE REJEITA DECIS\u00c3O<\/h4>\n<p>Os ministros de Rela\u00e7\u00f5es Exteriores de pa\u00edses da Liga \u00c1rabe expressaram firme rejei\u00e7\u00e3o \u00e0 decis\u00e3o de Trump, e pediram que se retratasse, embora tenham se abstido de tomar medidas de press\u00e3o contra o governo americano.<\/p>\n<p>Os chefes de diplomacia, reunidos na sede da Liga \u00c1rabe, no Cairo, consideraram &#8220;nula&#8221; tal medida e a qualificaram de &#8220;viola\u00e7\u00e3o perigosa da legisla\u00e7\u00e3o internacional e das resolu\u00e7\u00f5es do Conselho de Seguran\u00e7a da ONU [Organiza\u00e7\u00e3o das Na\u00e7\u00f5es Unidas]&#8221;.<\/p>\n<p>No comunicado final do encontro, que foi convocado de maneira extraordin\u00e1ria pela Jord\u00e2nia, os ministros salientaram que essa mudan\u00e7a na pol\u00edtica dos Estados Unidos para o conflito palestino-israelense representa um giro &#8220;perigoso&#8221; que coloca Washington do lado da &#8220;ocupa\u00e7\u00e3o&#8221; e que o afasta do seu papel como mediador.<\/p>\n<p>O texto, que cont\u00e9m 16 pontos, foi aprovado ap\u00f3s intensas discuss\u00f5es. &#8220;O conselho solicita aos Estados Unidos que anulem sua decis\u00e3o sobre Jerusal\u00e9m e trabalhem com a comunidade internacional para que Israel se comprometa a aplicar as decis\u00f5es internacionais e a p\u00f4r fim \u00e0 ocupa\u00e7\u00e3o ilegal e ileg\u00edtima de todos os territ\u00f3rios palestinos e \u00e1rabes ocupados desde junho de 1967&#8221;, detalha o documento.<\/p>\n<p>Os pa\u00edses do grupo \u00e1rabe comprometeram-se a pedir ao Conselho de Seguran\u00e7a da Organiza\u00e7\u00e3o da ONU que emita uma resolu\u00e7\u00e3o na qual conste que o passo dado por Trump contradiz a legisla\u00e7\u00e3o internacional. Al\u00e9m disso, os ministros incitaram a comunidade internacional a reconhecer o Estado palestino com Jerusal\u00e9m como capital.<\/p>\n<p>Trump anunciou na \u00faltima quarta-feira, 6, o reconhecimento de Jerusal\u00e9m como capital de Israel e prometeu a transfer\u00eancia da embaixada de seu pa\u00eds para esta cidade, ap\u00f3s d\u00e9cadas de consenso internacional que condicionavam a decis\u00e3o a um acordo de paz.<\/p>\n<p>&nbsp;<\/p>\n<h4>PAPA FRANCISCO<\/h4>\n<p>Em comunicado nesse domingo, o papa Francisco fez um apelo \u00e0 comunidade internacional para que evite &#8220;uma nova espiral de viol\u00eancia&#8221; em Jerusal\u00e9m, em meio \u00e0 tens\u00e3o provocada pela decis\u00e3o dos Estados Unidos de reconhecer esta cidade como capital de Israel.<\/p>\n<p>O papa fez um chamado \u00e0 sabedoria e \u00e0 prud\u00eancia de todos e pediu que as na\u00e7\u00f5es se comprometam para evitar uma nova espiral de viol\u00eancia e respondam \u201ccom palavras e a\u00e7\u00f5es aos anseios de paz, de justi\u00e7a e seguran\u00e7a das popula\u00e7\u00f5es dessa terra atormentada&#8221;.<\/p>\n<p>\u201cS\u00f3 uma solu\u00e7\u00e3o negociada entre israelenses e palestinos pode levar a uma paz est\u00e1vel e duradoura, e garantir a coexist\u00eancia pac\u00edfica de dois Estados dentro de fronteiras reconhecidas internacionalmente&#8221;, diz nota divulgada pelo Vaticano. O papa disse ainda que acompanha a situa\u00e7\u00e3o no Oriente M\u00e9dio com grande aten\u00e7\u00e3o e lamentou os enfrentamentos que causaram v\u00edtimas nos \u00faltimos dias.<\/p>\n<p>Fonte: Ag\u00eancia Brasil<\/p>\n","protected":false},"excerpt":{"rendered":"<p>Os protestos que se iniciaram desde que o presidente dos Estados Unidos, Donald Trump, anunciou o reconhecimento de Jerusal\u00e9m como capital de Israel continuaram nesse domingo, 10. Em diferentes localidades ocorreram manifesta\u00e7\u00f5es em frente \u00e0s embaixadas dos Estados Unidos.&nbsp; Ontem, a Liga \u00c1rabe, formada por 22 pa\u00edses, divulgou comunicado no qual rejeita a decis\u00e3o. Em [&hellip;]<\/p>\n","protected":false},"author":96,"featured_media":87176,"comment_status":"closed","ping_status":"closed","sticky":false,"template":"","format":"standard","meta":{"footnotes":""},"categories":[302],"tags":[],"class_list":["post-87177","post","type-post","status-publish","format-standard","has-post-thumbnail","hentry","category-brasil-mundo"],"_links":{"self":[{"href":"https:\/\/diarioregionaldigital.com.br\/index.php?rest_route=\/wp\/v2\/posts\/87177","targetHints":{"allow":["GET"]}}],"collection":[{"href":"https:\/\/diarioregionaldigital.com.br\/index.php?rest_route=\/wp\/v2\/posts"}],"about":[{"href":"https:\/\/diarioregionaldigital.com.br\/index.php?rest_route=\/wp\/v2\/types\/post"}],"author":[{"embeddable":true,"href":"https:\/\/diarioregionaldigital.com.br\/index.php?rest_route=\/wp\/v2\/users\/96"}],"replies":[{"embeddable":true,"href":"https:\/\/diarioregionaldigital.com.br\/index.php?rest_route=%2Fwp%2Fv2%2Fcomments&post=87177"}],"version-history":[{"count":0,"href":"https:\/\/diarioregionaldigital.com.br\/index.php?rest_route=\/wp\/v2\/posts\/87177\/revisions"}],"wp:featuredmedia":[{"embeddable":true,"href":"https:\/\/diarioregionaldigital.com.br\/index.php?rest_route=\/wp\/v2\/media\/87176"}],"wp:attachment":[{"href":"https:\/\/diarioregionaldigital.com.br\/index.php?rest_route=%2Fwp%2Fv2%2Fmedia&parent=87177"}],"wp:term":[{"taxonomy":"category","embeddable":true,"href":"https:\/\/diarioregionaldigital.com.br\/index.php?rest_route=%2Fwp%2Fv2%2Fcategories&post=87177"},{"taxonomy":"post_tag","embeddable":true,"href":"https:\/\/diarioregionaldigital.com.br\/index.php?rest_route=%2Fwp%2Fv2%2Ftags&post=87177"}],"curies":[{"name":"wp","href":"https:\/\/api.w.org\/{rel}","templated":true}]}}