{"id":87175,"date":"2017-12-11T16:37:21","date_gmt":"2017-12-11T18:37:21","guid":{"rendered":"http:\/\/diarioregionaljf.com.br\/2017\/12\/11\/organizacao-que-combate-armas-nucleares-comemora-nobel-da-paz-deste-ano\/"},"modified":"2017-12-11T16:37:21","modified_gmt":"2017-12-11T18:37:21","slug":"organizacao-que-combate-armas-nucleares-comemora-nobel-da-paz-deste-ano","status":"publish","type":"post","link":"https:\/\/diarioregionaldigital.com.br\/?p=87175","title":{"rendered":"Organiza\u00e7\u00e3o que combate armas nucleares comemora Nobel da Paz deste ano"},"content":{"rendered":"<p>Membros da Campanha Internacional para Aboli\u00e7\u00e3o das Armas Nucleares (Ican, do nome em ingl\u00eas) comemoraram nesse domingo, 10, o Pr\u00eamio Nobel da Paz 2017, recebido em outubro passado pela coaliz\u00e3o de 468 organiza\u00e7\u00f5es n\u00e3o governamentais (ONGs) em 100 pa\u00edses que defendem um tratado de proibi\u00e7\u00e3o de armas nucleares forte e eficaz.<\/p>\n<p>No Rio de Janeiro, a Ican \u00e9 representada pelo belga Pol Dhuyvetter, que mudou-se para o Brasil em 2009 como coordenador da Mayors for Peace da Am\u00e9rica Latina e do Caribe, com o objetivo de incentivar os governos da regi\u00e3o a exercerem lideran\u00e7a para uma proibi\u00e7\u00e3o global das armas nucleares. Dhuyvetter promove o desarmamento nuclear desde 1981.<\/p>\n<p>O professor ga\u00facho Cristian Wittmann, da Universidade Federal do Pampa, membro do International Steering Group da Ican, participou da cerim\u00f4nia de entrega do Pr\u00eamio Nobel pela Paz na prefeitura de Oslo. Em Belo Horizonte, a conquista do pr\u00eamio foi celebrada pelo embaixador Sergio Duarte, que depois de se aposentar no Minist\u00e9rio das Rela\u00e7\u00f5es Exteriores, foi alto representante da ONU para Assuntos de Desarmamento, de julho de 2007 at\u00e9 fevereiro de 2012, sendo chefe do Escrit\u00f3rio de Desarmamento da Organiza\u00e7\u00e3o das Na\u00e7\u00f5es Unidas.<\/p>\n<p>&nbsp;<\/p>\n<h4>CONSCIENTIZA\u00c7\u00c3O<\/h4>\n<p>Pol Dhuyvetter disse \u00e0 Ag\u00eancia Brasil que o recebimento do pr\u00eamio pela Ican \u00e9 um grande momento para os que est\u00e3o engajados h\u00e1 muitos anos na luta pelo desarmamento nuclear. Ele destacou a inten\u00e7\u00e3o de se usarem mais as redes sociais para conscientizar os brasileiros sobre a quest\u00e3o do uso de armas nucleares no pa\u00eds. Dhuyvetter considerou o Tratado sobre a Proibi\u00e7\u00e3o de Armas Nucleares, adotado por 122 pa\u00edses, em 7 de julho deste ano, um passo importante para o desarmamento. Para Dhuyvetter, a conquista do Nobel pela Ican contribuir\u00e1 para que o tratado entre em vigor legalmente no fim do ano que vem, uma vez que 56 na\u00e7\u00f5es j\u00e1 assinaram o documento.<\/p>\n<p>O Brasil aderiu ao Tratado para a Proscri\u00e7\u00e3o de Armas Nucleares na Am\u00e9rica Latina e no Caribe, que completou 50 anos no dia 14 de fevereiro deste ano, lembrou Dhuyvetter. O pa\u00eds \u00e9 parte tamb\u00e9m do Tratado de N\u00e3o Prolifera\u00e7\u00e3o de Armas Nucleares, que entrou em vigor em 1970, e atua ainda no \u00e2mbito da Coaliz\u00e3o da Nova Agenda, integrada por seis pa\u00edses n\u00e3o nuclearmente armados que defendem o desarmamento nuclear (Brasil, \u00c1frica do Sul, Egito, Irlanda, M\u00e9xico e Nova Zel\u00e2ndia). \u201cO Brasil \u00e9 muito consequente nisso\u201d, afirmou.<\/p>\n<p>Ele lembrou, por\u00e9m, que o Brasil e os demais pa\u00edses da Am\u00e9rica Latina, apesar de l\u00edderes na luta pelo desarmamento nuclear, enfrentam o problema da prolifera\u00e7\u00e3o de armas leves, pequenas, al\u00e9m de elevado \u00edndice de homic\u00eddios. \u201c\u00c9 o continente com maior viol\u00eancia. O Brasil tem um trabalho tamb\u00e9m na sociedade civil, onde h\u00e1 muito sofrimento por causa da presen\u00e7a de armas\u201d, disse. H\u00e1 um trabalho enorme a ser feito no Brasil nessa \u00e1rea, acrescentou.<\/p>\n<p>O Pr\u00eamio Nobel da Paz foi concedido pelo Comit\u00ea Nobel Noruegu\u00eas \u00e0 Ican &#8220;por seu trabalho para atrair a aten\u00e7\u00e3o para consequ\u00eancias humanit\u00e1rias catastr\u00f3ficas de qualquer arma nuclear e pelos esfor\u00e7os inovadores para alcan\u00e7ar um tratado proibindo as armas nucleares&#8221;.<\/p>\n<p>Fonte: Ag\u00eancia Brasil<\/p>\n","protected":false},"excerpt":{"rendered":"<p>Membros da Campanha Internacional para Aboli\u00e7\u00e3o das Armas Nucleares (Ican, do nome em ingl\u00eas) comemoraram nesse domingo, 10, o Pr\u00eamio Nobel da Paz 2017, recebido em outubro passado pela coaliz\u00e3o de 468 organiza\u00e7\u00f5es n\u00e3o governamentais (ONGs) em 100 pa\u00edses que defendem um tratado de proibi\u00e7\u00e3o de armas nucleares forte e eficaz. No Rio de Janeiro, [&hellip;]<\/p>\n","protected":false},"author":96,"featured_media":87174,"comment_status":"closed","ping_status":"closed","sticky":false,"template":"","format":"standard","meta":{"footnotes":""},"categories":[302],"tags":[],"class_list":["post-87175","post","type-post","status-publish","format-standard","has-post-thumbnail","hentry","category-brasil-mundo"],"_links":{"self":[{"href":"https:\/\/diarioregionaldigital.com.br\/index.php?rest_route=\/wp\/v2\/posts\/87175","targetHints":{"allow":["GET"]}}],"collection":[{"href":"https:\/\/diarioregionaldigital.com.br\/index.php?rest_route=\/wp\/v2\/posts"}],"about":[{"href":"https:\/\/diarioregionaldigital.com.br\/index.php?rest_route=\/wp\/v2\/types\/post"}],"author":[{"embeddable":true,"href":"https:\/\/diarioregionaldigital.com.br\/index.php?rest_route=\/wp\/v2\/users\/96"}],"replies":[{"embeddable":true,"href":"https:\/\/diarioregionaldigital.com.br\/index.php?rest_route=%2Fwp%2Fv2%2Fcomments&post=87175"}],"version-history":[{"count":0,"href":"https:\/\/diarioregionaldigital.com.br\/index.php?rest_route=\/wp\/v2\/posts\/87175\/revisions"}],"wp:featuredmedia":[{"embeddable":true,"href":"https:\/\/diarioregionaldigital.com.br\/index.php?rest_route=\/wp\/v2\/media\/87174"}],"wp:attachment":[{"href":"https:\/\/diarioregionaldigital.com.br\/index.php?rest_route=%2Fwp%2Fv2%2Fmedia&parent=87175"}],"wp:term":[{"taxonomy":"category","embeddable":true,"href":"https:\/\/diarioregionaldigital.com.br\/index.php?rest_route=%2Fwp%2Fv2%2Fcategories&post=87175"},{"taxonomy":"post_tag","embeddable":true,"href":"https:\/\/diarioregionaldigital.com.br\/index.php?rest_route=%2Fwp%2Fv2%2Ftags&post=87175"}],"curies":[{"name":"wp","href":"https:\/\/api.w.org\/{rel}","templated":true}]}}