{"id":87167,"date":"2017-12-11T11:21:17","date_gmt":"2017-12-11T13:21:17","guid":{"rendered":"http:\/\/diarioregionaljf.com.br\/2017\/12\/11\/temer-se-reforma-da-previdencia-nao-for-votada-este-ano-sera-no-inicio-de-2018\/"},"modified":"2017-12-11T11:21:17","modified_gmt":"2017-12-11T13:21:17","slug":"temer-se-reforma-da-previdencia-nao-for-votada-este-ano-sera-no-inicio-de-2018","status":"publish","type":"post","link":"https:\/\/diarioregionaldigital.com.br\/?p=87167","title":{"rendered":"Temer: se reforma da Previd\u00eancia n\u00e3o for votada este ano, ser\u00e1 no in\u00edcio de 2018"},"content":{"rendered":"<p>O presidente Michel Temer disse neste domingo, 10, que a reforma da Previd\u00eancia ser\u00e1 aprovada, se n\u00e3o em 2017, &#8220;no in\u00edcio do ano que vem\u201d. A declara\u00e7\u00e3o foi dada em entrevista, pouco antes de embarcar de volta a Bras\u00edlia. O presidente viajou a Buenos Aires para participar da abertura da 11\u00aa Confer\u00eancia Ministerial da Organiza\u00e7\u00e3o Mundial do Comercio (OMC), onde destacou em seu discurso que o Brasil &#8220;deixou a recess\u00e3o para tr\u00e1s&#8221;.<\/p>\n<p>\u201cPara n\u00e3o dizer que n\u00e3o falei de flores, quero dizer que a reforma da Previd\u00eancia vai muito bem. Fecharam quest\u00e3o j\u00e1 o PMDB, o PTB, o PPS [ a favor da reforma]. Hoje falei com os presidentes do PP, do PSD e agora falei com o presidente do PRD. Est\u00e3o todos entusiasmados para o eventual fechamento da quest\u00e3o\u201d, acrescentou.<\/p>\n<p>Mesmo que n\u00e3o consiga suficiente apoio para aprovar a reforma em 2017, Temer assegurou que a discuss\u00e3o \u201cnunca vai parar\u201d. A declara\u00e7\u00e3o do presidente ocorre em meio \u00e0s negocia\u00e7\u00f5es entre o governo e os partidos da base aliada para tentar encerrar o ano com a reforma da Previd\u00eancia aprovada na C\u00e2mara. A Proposta de Emenda \u00e0 Constitui\u00e7\u00e3o (PEC) 287\/16, que modifica regras do sistema previdenci\u00e1rio, precisa do apoio de pelo menos 308 votos, em dois turnos, para ser aprovada.<\/p>\n<p>O presidente viajou acompanhado do novo ministro da Secretaria de Governo, Carlos Marun, que \u00e9 um dos principais articuladores do governo na C\u00e2mara. Marun disse que o governo &#8220;tem consci\u00eancia&#8221; de que ainda n\u00e3o tem os votos necess\u00e1rio. No entanto, afirmou que a miss\u00e3o dele, junto com o governo e l\u00edderes da C\u00e2mara, \u00e9 angariar o apoio necess\u00e1rio. Segundo Marun, ele iniciar\u00e1 o trabalho de busca por votos na sexta-feira, ap\u00f3s sua posse que est\u00e1 marcada para quinta-feira.<\/p>\n<p>&#8220;Confio que at\u00e9 o dia 18 teremos os votos necess\u00e1rios para que seja colocado em vota\u00e7\u00e3o&#8221;, afirmou, repetindo a expectativa que j\u00e1 havia sido anunciada pelo l\u00edder do governo na C\u00e2mara, deputado Aguinaldo Ribeiro (PP-PB). A vota\u00e7\u00e3o no Senado j\u00e1 estava prevista para ocorrer somente no ano que vem.<\/p>\n<p>Pela agenda da C\u00e2mara desta semana, o relat\u00f3rio elaborado pelo deputado Arthur Maia (PPS-BA) deve ser lido em plen\u00e1rio na quinta-feira (14) de manh\u00e3. A partir da\u00ed, l\u00edderes fariam a defesa da proposta e estaria aberta a discuss\u00e3o para que a vota\u00e7\u00e3o ocorresse nos dias 18 e 19.<\/p>\n<p><span style=\"font-size: 18pt;\">Mercosul<\/span><\/p>\n<p>Temer aproveitou a viagem para se reunir com os presidentes dos outros tr\u00eas pa\u00edses do Mercosul. O bloco regional &#8211; formado pelo Brasil, a Argentina, o Uruguai e o Paraguai \u2013 est\u00e1 negociando um acordo de integra\u00e7\u00e3o com a Uni\u00e3o Europeia (UE). Mas mesmo estando fora do pa\u00eds, Temer continuou negociando apoio parlamentar para a aprova\u00e7\u00e3o da reforma da Previd\u00eancia.<\/p>\n<p>Fonte: Ag\u00eancia Brasil<\/p>\n","protected":false},"excerpt":{"rendered":"<p>O presidente Michel Temer disse neste domingo, 10, que a reforma da Previd\u00eancia ser\u00e1 aprovada, se n\u00e3o em 2017, &#8220;no in\u00edcio do ano que vem\u201d. A declara\u00e7\u00e3o foi dada em entrevista, pouco antes de embarcar de volta a Bras\u00edlia. O presidente viajou a Buenos Aires para participar da abertura da 11\u00aa Confer\u00eancia Ministerial da Organiza\u00e7\u00e3o [&hellip;]<\/p>\n","protected":false},"author":96,"featured_media":87166,"comment_status":"closed","ping_status":"closed","sticky":false,"template":"","format":"standard","meta":{"footnotes":""},"categories":[254],"tags":[],"class_list":["post-87167","post","type-post","status-publish","format-standard","has-post-thumbnail","hentry","category-politica"],"_links":{"self":[{"href":"https:\/\/diarioregionaldigital.com.br\/index.php?rest_route=\/wp\/v2\/posts\/87167","targetHints":{"allow":["GET"]}}],"collection":[{"href":"https:\/\/diarioregionaldigital.com.br\/index.php?rest_route=\/wp\/v2\/posts"}],"about":[{"href":"https:\/\/diarioregionaldigital.com.br\/index.php?rest_route=\/wp\/v2\/types\/post"}],"author":[{"embeddable":true,"href":"https:\/\/diarioregionaldigital.com.br\/index.php?rest_route=\/wp\/v2\/users\/96"}],"replies":[{"embeddable":true,"href":"https:\/\/diarioregionaldigital.com.br\/index.php?rest_route=%2Fwp%2Fv2%2Fcomments&post=87167"}],"version-history":[{"count":0,"href":"https:\/\/diarioregionaldigital.com.br\/index.php?rest_route=\/wp\/v2\/posts\/87167\/revisions"}],"wp:featuredmedia":[{"embeddable":true,"href":"https:\/\/diarioregionaldigital.com.br\/index.php?rest_route=\/wp\/v2\/media\/87166"}],"wp:attachment":[{"href":"https:\/\/diarioregionaldigital.com.br\/index.php?rest_route=%2Fwp%2Fv2%2Fmedia&parent=87167"}],"wp:term":[{"taxonomy":"category","embeddable":true,"href":"https:\/\/diarioregionaldigital.com.br\/index.php?rest_route=%2Fwp%2Fv2%2Fcategories&post=87167"},{"taxonomy":"post_tag","embeddable":true,"href":"https:\/\/diarioregionaldigital.com.br\/index.php?rest_route=%2Fwp%2Fv2%2Ftags&post=87167"}],"curies":[{"name":"wp","href":"https:\/\/api.w.org\/{rel}","templated":true}]}}