{"id":87165,"date":"2017-12-11T11:10:02","date_gmt":"2017-12-11T13:10:02","guid":{"rendered":"http:\/\/diarioregionaljf.com.br\/2017\/12\/11\/mulher-tem-carro-roubado-por-dupla-ao-estacionar-no-sao-mateus\/"},"modified":"2017-12-11T11:10:02","modified_gmt":"2017-12-11T13:10:02","slug":"mulher-tem-carro-roubado-por-dupla-ao-estacionar-no-sao-mateus","status":"publish","type":"post","link":"https:\/\/diarioregionaldigital.com.br\/?p=87165","title":{"rendered":"Mulher tem carro roubado por dupla ao estacionar no S\u00e3o Mateus"},"content":{"rendered":"<p>Uma mulher de 45 anos foi amea\u00e7ada e assaltada na madrugada deste domingo, 10, no bairro S\u00e3o Mateus, localizado na regi\u00e3o central de Juiz de Fora.<\/p>\n<p>De acordo com o registro de ocorr\u00eancias da Pol\u00edcia Militar (PM), a v\u00edtima manobrava seu carro na Rua S\u00e3o Mateus e ao estacion\u00e1-lo foi abordada por dois indiv\u00edduos que anunciaram um assalto.<\/p>\n<p>Os autores fizeram amea\u00e7as de morte contra a mulher, caso a mesma n\u00e3o entregasse os bens. Em seguida roubaram o carro da v\u00edtima, da marca Fiat\/Palio, com seus pertences no interior.<\/p>\n<p>A PM realizou buscas na regi\u00e3o, localizando o ve\u00edculo abandonado na Rua Belo Vale, no bairro Dom Bosco, zona Sul da cidade. Ele encontrava-se vazio e sem os objetos da v\u00edtima.<\/p>\n<p>Os autores n\u00e3o foram encontrados.<\/p>\n","protected":false},"excerpt":{"rendered":"<p>Uma mulher de 45 anos foi amea\u00e7ada e assaltada na madrugada deste domingo, 10, no bairro S\u00e3o Mateus, localizado na regi\u00e3o central de Juiz de Fora. De acordo com o registro de ocorr\u00eancias da Pol\u00edcia Militar (PM), a v\u00edtima manobrava seu carro na Rua S\u00e3o Mateus e ao estacion\u00e1-lo foi abordada por dois indiv\u00edduos que [&hellip;]<\/p>\n","protected":false},"author":96,"featured_media":87164,"comment_status":"closed","ping_status":"closed","sticky":false,"template":"","format":"standard","meta":{"footnotes":""},"categories":[301],"tags":[],"class_list":["post-87165","post","type-post","status-publish","format-standard","has-post-thumbnail","hentry","category-artigos-policiais"],"_links":{"self":[{"href":"https:\/\/diarioregionaldigital.com.br\/index.php?rest_route=\/wp\/v2\/posts\/87165","targetHints":{"allow":["GET"]}}],"collection":[{"href":"https:\/\/diarioregionaldigital.com.br\/index.php?rest_route=\/wp\/v2\/posts"}],"about":[{"href":"https:\/\/diarioregionaldigital.com.br\/index.php?rest_route=\/wp\/v2\/types\/post"}],"author":[{"embeddable":true,"href":"https:\/\/diarioregionaldigital.com.br\/index.php?rest_route=\/wp\/v2\/users\/96"}],"replies":[{"embeddable":true,"href":"https:\/\/diarioregionaldigital.com.br\/index.php?rest_route=%2Fwp%2Fv2%2Fcomments&post=87165"}],"version-history":[{"count":0,"href":"https:\/\/diarioregionaldigital.com.br\/index.php?rest_route=\/wp\/v2\/posts\/87165\/revisions"}],"wp:featuredmedia":[{"embeddable":true,"href":"https:\/\/diarioregionaldigital.com.br\/index.php?rest_route=\/wp\/v2\/media\/87164"}],"wp:attachment":[{"href":"https:\/\/diarioregionaldigital.com.br\/index.php?rest_route=%2Fwp%2Fv2%2Fmedia&parent=87165"}],"wp:term":[{"taxonomy":"category","embeddable":true,"href":"https:\/\/diarioregionaldigital.com.br\/index.php?rest_route=%2Fwp%2Fv2%2Fcategories&post=87165"},{"taxonomy":"post_tag","embeddable":true,"href":"https:\/\/diarioregionaldigital.com.br\/index.php?rest_route=%2Fwp%2Fv2%2Ftags&post=87165"}],"curies":[{"name":"wp","href":"https:\/\/api.w.org\/{rel}","templated":true}]}}