{"id":87082,"date":"2017-12-08T20:40:42","date_gmt":"2017-12-08T22:40:42","guid":{"rendered":"http:\/\/diarioregionaljf.com.br\/2017\/12\/08\/sindicomercio-divulga-pesquisa-de-intencao-de-compras-neste-natal\/"},"modified":"2017-12-08T20:40:42","modified_gmt":"2017-12-08T22:40:42","slug":"sindicomercio-divulga-pesquisa-de-intencao-de-compras-neste-natal","status":"publish","type":"post","link":"https:\/\/diarioregionaldigital.com.br\/?p=87082","title":{"rendered":"Sindicom\u00e9rcio divulga pesquisa de inten\u00e7\u00e3o de compras neste Natal"},"content":{"rendered":"<p>O Sindicato do Com\u00e9rcio de Juiz de Fora (Sindicom\u00e9rcio-JF) divulgou nessa sexta-feira, 8, pesquisa de inten\u00e7\u00e3o de compras dos consumidores para este Natal. O levantamento foi realizado em parceira com a empresa Masci Consultoria Jr. e 242 pessoas foram entrevistadas.<\/p>\n<p>Entre os entrevistados, vestu\u00e1rio ficou em primeiro lugar como inten\u00e7\u00e3o de compra (54,55%). Brinquedos aparecem na posi\u00e7\u00e3o seguinte com 9,50% e lembrancinhas em terceiro lugar com 9,09%.<\/p>\n<p>Os consumidores pretendem gastar entre R$98,01 a R$186 (64%) e a prefer\u00eancia da forma de pagamento ser\u00e1 \u00e0 vista em dinheiro (67,77%). O cart\u00e3o de cr\u00e9dito aparece em segundo lugar, como prefer\u00eancia de 23,97% dos entrevistados.<\/p>\n<p>Os familiares s\u00e3o os principais a serem presenteados (84,71%), seguidos por namorados (11,98%) e amigos (3,31%).<\/p>\n<p>Pre\u00e7o (47,93%), atendimento (20,25%) e variedade (9,09%) s\u00e3o os motivos que os consumidores levam em considera\u00e7\u00e3o para escolher o local para realizar suas compras.<\/p>\n<p>\u201cEssa pesquisa que n\u00f3s fizemos do comportamento do consumidor e as expectativas dos empres\u00e1rios para este Natal \u00e9 otimista. Isso que importa\u201d, exclamou o presidente do sindicato, Emerson Beloti.<\/p>\n<p>&nbsp;<\/p>\n<h4>HOR\u00c1RIO ESPECIAL<\/h4>\n<p>Este ano, por meio da pesquisa, o Sindicom\u00e9rcio percebeu que era&nbsp;necess\u00e1rio adequar o hor\u00e1rio de funcionamento das lojas aos h\u00e1bitos dos consumidores. Por isso, nesse s\u00e1bado, 9, dia que iniciou o hor\u00e1rio especial do com\u00e9rcio, as lojas abriram as portas \u00e0s 8h e fecharam \u00e0s 16h. Este mesmo hor\u00e1rio se repetir\u00e1 no pr\u00f3ximo s\u00e1bado, 16.<\/p>\n<p>Entre segunda-feira, 18, e quarta-feira, 20, as lojas funcionaram entre 8h e 20h. Na quinta-feira, 21, e sexta-feira, 22, o funcionamento ser\u00e1 de 8h \u00e0s 21h, e no s\u00e1bado, 23, de 8h \u00e0s 19h. Nos domingos, 17 e 24, ser\u00e1 de 12h \u00e0s 18h.<\/p>\n<p>Segundo Beloti, depois de certo hor\u00e1rio os consumidores passam a realizar as suas compras nos shoppings, por isso a mudan\u00e7a nos hor\u00e1rios. \u201cPrecisamos nos adequar ao que o cliente quer, portanto, n\u00f3s mudamos os hor\u00e1rios do com\u00e9rcio no Natal, justamente para que o consumidor possa fazer tudo, desde a pesquisa at\u00e9 as compras\u201d, finalizou.<\/p>\n","protected":false},"excerpt":{"rendered":"<p>O Sindicato do Com\u00e9rcio de Juiz de Fora (Sindicom\u00e9rcio-JF) divulgou nessa sexta-feira, 8, pesquisa de inten\u00e7\u00e3o de compras dos consumidores para este Natal. O levantamento foi realizado em parceira com a empresa Masci Consultoria Jr. e 242 pessoas foram entrevistadas. Entre os entrevistados, vestu\u00e1rio ficou em primeiro lugar como inten\u00e7\u00e3o de compra (54,55%). Brinquedos aparecem [&hellip;]<\/p>\n","protected":false},"author":96,"featured_media":87081,"comment_status":"closed","ping_status":"closed","sticky":false,"template":"","format":"standard","meta":{"footnotes":""},"categories":[253],"tags":[],"class_list":["post-87082","post","type-post","status-publish","format-standard","has-post-thumbnail","hentry","category-cidade"],"_links":{"self":[{"href":"https:\/\/diarioregionaldigital.com.br\/index.php?rest_route=\/wp\/v2\/posts\/87082","targetHints":{"allow":["GET"]}}],"collection":[{"href":"https:\/\/diarioregionaldigital.com.br\/index.php?rest_route=\/wp\/v2\/posts"}],"about":[{"href":"https:\/\/diarioregionaldigital.com.br\/index.php?rest_route=\/wp\/v2\/types\/post"}],"author":[{"embeddable":true,"href":"https:\/\/diarioregionaldigital.com.br\/index.php?rest_route=\/wp\/v2\/users\/96"}],"replies":[{"embeddable":true,"href":"https:\/\/diarioregionaldigital.com.br\/index.php?rest_route=%2Fwp%2Fv2%2Fcomments&post=87082"}],"version-history":[{"count":0,"href":"https:\/\/diarioregionaldigital.com.br\/index.php?rest_route=\/wp\/v2\/posts\/87082\/revisions"}],"wp:featuredmedia":[{"embeddable":true,"href":"https:\/\/diarioregionaldigital.com.br\/index.php?rest_route=\/wp\/v2\/media\/87081"}],"wp:attachment":[{"href":"https:\/\/diarioregionaldigital.com.br\/index.php?rest_route=%2Fwp%2Fv2%2Fmedia&parent=87082"}],"wp:term":[{"taxonomy":"category","embeddable":true,"href":"https:\/\/diarioregionaldigital.com.br\/index.php?rest_route=%2Fwp%2Fv2%2Fcategories&post=87082"},{"taxonomy":"post_tag","embeddable":true,"href":"https:\/\/diarioregionaldigital.com.br\/index.php?rest_route=%2Fwp%2Fv2%2Ftags&post=87082"}],"curies":[{"name":"wp","href":"https:\/\/api.w.org\/{rel}","templated":true}]}}