{"id":87065,"date":"2017-12-08T19:10:09","date_gmt":"2017-12-08T21:10:09","guid":{"rendered":"http:\/\/diarioregionaljf.com.br\/2017\/12\/08\/a-triste-heranca-do-povo-negro\/"},"modified":"2018-04-16T08:04:58","modified_gmt":"2018-04-16T11:04:58","slug":"a-triste-heranca-do-povo-negro","status":"publish","type":"post","link":"https:\/\/diarioregionaldigital.com.br\/?p=87065","title":{"rendered":"A triste heran\u00e7a do povo negro"},"content":{"rendered":"<p>O m\u00eas de novembro ocupa o lugar de protagonista nas celebra\u00e7\u00f5es em torno da mem\u00f3ria do afrodescendente no Brasil, em raz\u00e3o do Dia da Consci\u00eancia Negra, comemorado no dia 20 (quando teria morrido o quilombola Zumbi dos Palmares). \u00c9 uma oportunidade em que pensadores e intelectuais de todo o Brasil preparam uma agenda especial para que se reflita sobre o tema. Explorar a multiplicidade de pensamentos de um povo muitas vezes ignorado \u00e9 essencial para fixar e eternizar sua mem\u00f3ria.<\/p>\n<p>A Flinksampa, evento idealizado pela Faculdade Zumbi dos Palmares e pela ONG Afrobr\u00e1s, ganha, a cada edi\u00e7\u00e3o, mais for\u00e7a e visibilidade para colocar em pr\u00e1tica aquilo que motivou a sua cria\u00e7\u00e3o: ampliar o importante debate sobre a cultura negra e sua luta para conquistar os direitos esquecidos ao longo de uma hist\u00f3ria marcada por injusti\u00e7as e subordina\u00e7\u00e3o econ\u00f4mica.<\/p>\n<p>H\u00e1, no Brasil, um n\u00famero razo\u00e1vel de poetas afrodescendentes, mas suas obras n\u00e3o s\u00e3o ainda t\u00e3o divulgadas, n\u00e3o por conta da qualidade, mas pelo desinteresse do p\u00fablico leitor (talvez por puro preconceito) e, tamb\u00e9m, do mercado editorial.<\/p>\n<p>O orgulho das ra\u00edzes africanas, a apropria\u00e7\u00e3o e difus\u00e3o dessa riqu\u00edssima cultura ganhou novos rumos a partir da primeira FLINKSAMPA, em 2013. Descobriu novos talentos, dando oportunidade nunca vista aos escritores negros, aos que escrevem sobre o negro e aos jovens talentos, diversificando tamb\u00e9m com outras atra\u00e7\u00f5es que promovem a cultura e o entretenimento. No primeiro encontro (\u201cI Afro\u00e9tnica Flink Sampa\u201d), h\u00e1 quatro anos, o reverendo Jesse Jackson emocionou todos os presentes ao discursar sobre a segrega\u00e7\u00e3o racial, afirmando: &#8220;Pior que a escravid\u00e3o, \u00e9 a internacionaliza\u00e7\u00e3o dela. N\u00f3s n\u00e3o nascemos escravos, fomos escravizados. O Brasil \u00e9 um lugar que se compartilha diversas etnias. \u00c9 uma fam\u00edlia que recebeu a escravid\u00e3o&#8221;, destacou em seu pronunciamento, que tive a honra de presenciar.<\/p>\n<p>Dando continuidade ao sucesso, na 5\u00aa edi\u00e7\u00e3o da FLINKSAMPA, com a escritora Guiomar de Grammont novamente como curadora, o escritor homenageado, este ano, foi Paulo Lins, autor do livro \u201cCidade de Deus\u201d, romance adaptado para o cinema, com quatro indica\u00e7\u00f5es para o Oscar, em 2004. Poeta, romancista, roteirista de cinema e televis\u00e3o e professor licenciado em L\u00edngua Portuguesa e Brasileira pela Universidade Federal do Rio de Janeiro, Lins escreveu ainda \u201cSob o Sol\u201d, livro de Poemas, em 1986; \u201cEsses Poetas\u201d, livro de poemas, em 1990 e \u201cDesde que o Samba \u00e9 Samba\u201d, romance, em 2012.<\/p>\n<p>Os discursos enalteceram a import\u00e2ncia e a for\u00e7a da cultura negra, lembrando os avan\u00e7os dos \u00faltimos tempos. \u201cH\u00e1, no entanto, muito ainda para se evoluir\u201d, lembrou o reitor Jos\u00e9 Vicente.<\/p>\n<p>A profundidade de uma consci\u00eancia negra para uma na\u00e7\u00e3o mesti\u00e7a \u00e9 fundamental e a express\u00e3o art\u00edstica foi o meio que in\u00fameros poetas encontraram para combater e libertar seu povo do preconceito e integr\u00e1-lo \u00e0 sociedade. N\u00e3o posso deixar de citar o nosso Cruz e Sousa (1861 &#8211; 1898), o &#8220;Cisne Negro&#8221;, como era conhecido no seu tempo, considerado o maior poeta negro do pa\u00eds. Um dos precursores do Simbolismo no Brasil, Cruz e Sousa vai al\u00e9m deste t\u00edtulo, demonstrando em sua poesia uma perfeita fus\u00e3o de sensa\u00e7\u00f5es, sentimentos e consci\u00eancia social a partir de sua pr\u00f3pria realidade.<\/p>\n<p>O desejo manifestado em seu texto se converteu num instrumento de contesta\u00e7\u00e3o da segrega\u00e7\u00e3o e da situa\u00e7\u00e3o socioecon\u00f4mica que viveu, triste heran\u00e7a do povo negro. Sua poesia (em verso e prosa) \u00e9 a met\u00e1fora de um grito atormentado de algu\u00e9m que busca no sofrimento a rota de fuga de uma verdade art\u00edstica pura e absoluta.<\/p>\n","protected":false},"excerpt":{"rendered":"<p>O m\u00eas de novembro ocupa o lugar de protagonista nas celebra\u00e7\u00f5es em torno da mem\u00f3ria do afrodescendente no Brasil, em raz\u00e3o do Dia da Consci\u00eancia Negra, comemorado no dia 20 (quando teria morrido o quilombola Zumbi dos Palmares). \u00c9 uma oportunidade em que pensadores e intelectuais de todo o Brasil preparam uma agenda especial para [&hellip;]<\/p>\n","protected":false},"author":96,"featured_media":0,"comment_status":"closed","ping_status":"closed","sticky":false,"template":"","format":"standard","meta":{"footnotes":""},"categories":[275],"tags":[],"class_list":["post-87065","post","type-post","status-publish","format-standard","hentry","category-arnaldo-niskier"],"_links":{"self":[{"href":"https:\/\/diarioregionaldigital.com.br\/index.php?rest_route=\/wp\/v2\/posts\/87065","targetHints":{"allow":["GET"]}}],"collection":[{"href":"https:\/\/diarioregionaldigital.com.br\/index.php?rest_route=\/wp\/v2\/posts"}],"about":[{"href":"https:\/\/diarioregionaldigital.com.br\/index.php?rest_route=\/wp\/v2\/types\/post"}],"author":[{"embeddable":true,"href":"https:\/\/diarioregionaldigital.com.br\/index.php?rest_route=\/wp\/v2\/users\/96"}],"replies":[{"embeddable":true,"href":"https:\/\/diarioregionaldigital.com.br\/index.php?rest_route=%2Fwp%2Fv2%2Fcomments&post=87065"}],"version-history":[{"count":0,"href":"https:\/\/diarioregionaldigital.com.br\/index.php?rest_route=\/wp\/v2\/posts\/87065\/revisions"}],"wp:attachment":[{"href":"https:\/\/diarioregionaldigital.com.br\/index.php?rest_route=%2Fwp%2Fv2%2Fmedia&parent=87065"}],"wp:term":[{"taxonomy":"category","embeddable":true,"href":"https:\/\/diarioregionaldigital.com.br\/index.php?rest_route=%2Fwp%2Fv2%2Fcategories&post=87065"},{"taxonomy":"post_tag","embeddable":true,"href":"https:\/\/diarioregionaldigital.com.br\/index.php?rest_route=%2Fwp%2Fv2%2Ftags&post=87065"}],"curies":[{"name":"wp","href":"https:\/\/api.w.org\/{rel}","templated":true}]}}