{"id":87063,"date":"2017-12-08T18:47:40","date_gmt":"2017-12-08T20:47:40","guid":{"rendered":"http:\/\/diarioregionaljf.com.br\/2017\/12\/08\/conheca-conservatoria-destino-ideal-para-os-amantes-da-musica\/"},"modified":"2017-12-08T18:47:40","modified_gmt":"2017-12-08T20:47:40","slug":"conheca-conservatoria-destino-ideal-para-os-amantes-da-musica","status":"publish","type":"post","link":"https:\/\/diarioregionaldigital.com.br\/?p=87063","title":{"rendered":"Conhe\u00e7a Conservat\u00f3ria, destino ideal para os amantes da m\u00fasica"},"content":{"rendered":"<p>No final de semana passado, fomos com um grupo \u00e0 Conservat\u00f3ria, distrito de Valen\u00e7a, no estado do Rio de Janeiro, local caracterizado por suas Serestas e Serenatas. L\u00e1, nos hospedados no Hotel Fazenda Vilarejo. Voltamos todos renovados, pois a cidade respira m\u00fasica; m\u00fasica de verdade e isso nos acalanta o cora\u00e7\u00e3o, acalma a mente e d\u00e1 uma certa leveza \u00e0 vida!<\/p>\n<p>O local \u00e9 movido \u00e0 m\u00fasica! No fim de semana, os seresteiros se re\u00fanem para encantar os moradores e os visitantes. Mas a cidade, com suas buc\u00f3licas ruas de pedra, ainda oferece atra\u00e7\u00f5es como sobrados coloniais, uma antiga esta\u00e7\u00e3o ferrovi\u00e1ria, a Igreja Matriz de Santo Antonio e v\u00e1rios museus ligados \u00e0 m\u00fasica. Al\u00e9m dos grandes hot\u00e9is-fazenda, possui rios, cachoeiras, trilhas e duas localidades pitorescas: a Serra da Beleza, ponto de curiosos por ETs, e o T\u00fanel Que Chora, constru\u00eddo por escravos.<\/p>\n<p>A tradi\u00e7\u00e3o da seresta em Conservat\u00f3ria come\u00e7ou em 1938, quando um grupo de violeiros apaixonados saiu pela madrugada para cantar diante da janela de suas musas (naquele tempo as mo\u00e7as n\u00e3o podiam chegar \u00e0s janelas, s\u00f3 piscavam as luzes para dizer que estavam ouvindo os cantores). A cantoria agradou n\u00e3o s\u00f3 \u00e0s mo\u00e7as como a vila inteira. As serenatas embalam o distrito nas noites de sexta e s\u00e1bado e nas manh\u00e3s de s\u00e1bado e domingo, quando m\u00fasicos e turistas saem pelas ruas cantando cantigas de amor e recitando poemas.<br \/>Durante o tour da cantoria, observe a Rua das Flores, onde a velha Maria Fuma\u00e7a desativada lembra os tempos \u00e1ureos do caf\u00e9. Durante a Serenoite, que acontece na Travessa Geralda Fonseca (Rua do Lazer), antes da Serenata, aprecie o cen\u00e1rio formado pelo Monumento ao Seresteiro, bancos e canteiros floridos cercados por bares e restaurantes.<\/p>\n<p>A turma vai parando de porta em porta para cantar as m\u00fasicas preferidas dos moradores &#8211; em Conservat\u00f3ria, as casas s\u00e3o identificadas n\u00e3o com placas num\u00e9ricas, mas com o nome da can\u00e7\u00e3o preferida dos propriet\u00e1rios. O evento acontece o ano todo, mas duas datas s\u00e3o especiais: o \u00faltimo s\u00e1bado de maio, quando se comemora o Dia do Seresteiro; e o \u00faltimo s\u00e1bado de agosto, quando acontece o Encontro de Seresteiros, com artistas de diversas partes do Brasil.<\/p>\n<p>Durante o dia, um dos programas preferidos dos turistas \u00e9 passear de charrete para apreciar as constru\u00e7\u00f5es, como a esta\u00e7\u00e3o de trem de 1883, a Igreja Matriz de Santo Ant\u00f4nio e os espa\u00e7os culturais dedicados \u00e0 m\u00fasica. O Museu Vicente Celestino re\u00fane fotos, discos e objetos pessoais do cantor e tamb\u00e9m de sua mulher, a cantora l\u00edrica, cineasta e escritora Gilda de Abreu. J\u00e1 no Museu Silvio Caldas, Gilberto Alves, Nelson Gon\u00e7alves e Guilherme de Brito, as fotos, os discos e objetos pessoais dos artistas contam um pouquinho da carreira de cada um.<br \/>Pela manh\u00e3, tamb\u00e9m um excelente programa \u00e9 a Solarata, encontro musical matinal. \u00c9 um neologismo que surgiu para dar nome a uma manifesta\u00e7\u00e3o musical iniciada em 2001. Naquele ano, um empres\u00e1rio local planejou a realiza\u00e7\u00e3o de um encontro musical nas manh\u00e3s de domingo, que deu muito certo, pois at\u00e9 hoje \u00e9 concorrido!<\/p>\n<p>Para quem aprecia um bom chorinho, em Conservat\u00f3ria o Instituto Waldir Azevedo, grande mestre do Cavaquinho, abre suas portas todos os s\u00e1bados a partir das 17h para um evento chamado \u201cCh\u00e1 das 5\u201d. O Sal\u00e3o tem suas mesas preparadas para o tradicional ch\u00e1. Os lugares est\u00e3o \u00e0 venda, pois no mesmo hor\u00e1rio acontece um show de Ronaldinho do Cavaquinho e convidados, que revivem grandes cl\u00e1ssicos de nossa m\u00fasica brasileira, principalmente sucessos de Waldir Azevedo.<\/p>\n<p>As fazendas de caf\u00e9 da regi\u00e3o tamb\u00e9m garantem a viagem ao passado. Algumas est\u00e3o preservadas e s\u00e3o abertas \u00e0 visita\u00e7\u00e3o. \u00c9 o caso da Fazenda Floren\u00e7a, de 1852, que mant\u00e9m o elegante mobili\u00e1rio de \u00e9poca, al\u00e9m de piso de peroba rosa, porcelanas e cristais.<\/p>\n<h4>&nbsp;<\/h4>\n<h4>ARTE LOCAL<\/h4>\n<p>Antes de voltar para casa e para o tempo real, vale circular pelo com\u00e9rcio. Merece aten\u00e7\u00e3o o artesanato t\u00edpico, \u00e0 base de papel Kraft. S\u00e3o casos de flores, imagens de santos barrocos e est\u00e1tuas de violeiros que mais parecem de madeira. S\u00e3o interessantes e lindos. Na feirinha da Pra\u00e7a Catarina Quaglia, que acontece todo s\u00e1bado e domingo, o forte s\u00e3o os xales e chap\u00e9us de croch\u00ea, o doce de goiabada casc\u00e3o e os licores caseiros. S\u00e3o muitas as lojas de artesanato.<\/p>\n<p>A rede hoteleira da cidade \u00e9 excelente: pousadas, hot\u00e9is e hot\u00e9is fazenda. Tamb\u00e9m se destacam os restaurantes e bares, o que n\u00e3o poderia ser diferente, sempre com muita m\u00fasica que, ap\u00f3s a serenata, entra pela madrugada.<\/p>\n<p>Destaco o Hotel Fazenda Vilarejo, que est\u00e1 entre os maiores hot\u00e9is fazenda do Brasil. S\u00e3o 114 apartamentos com capacidade para 340 h\u00f3spedes e um atendimento fant\u00e1stico, onde todos ficam satisfeitos. Este ano o estabelecimento est\u00e1 comemorando 35 anos de atividades. O Grupo Vilarejo \u00e9 formado, ainda, pelo Hotel Acalanto, tamb\u00e9m em Conservat\u00f3ria. Tudo que se produz na Fazenda Vilarejo \u00e9 consumido em seus hot\u00e9is e o lugar ainda possui a Cacha\u00e7aria que produz uma bebida org\u00e2nica tipo exporta\u00e7\u00e3o, al\u00e9m de licores, rapaduras e outros derivados da cana, tamb\u00e9m cultivados de forma org\u00e2nica. Na fazenda, o visitante ainda pode andar a cavalo, as crian\u00e7as conhecem a pr\u00e1tica da ordenha e tem muito com o que se divertir. \u00c9 um lugar incr\u00edvel para se visitar!<\/p>\n<p>Na Casa Velha, uma empresa do Grupo, o turista encontra uma variedade de presentes, artesanatos e produtos da ro\u00e7a.<\/p>\n<p>Conservat\u00f3ria \u00e9 tudo de bom para quem curte m\u00fasica popular brasileira, para fam\u00edlias com crian\u00e7as, para quem gosta de caminhadas ou simplesmente para descansar e comer bem. Fica a duas horas e meia de Juiz de Fora e vale muito a pena para passar um final de semana.<\/p>\n","protected":false},"excerpt":{"rendered":"<p>No final de semana passado, fomos com um grupo \u00e0 Conservat\u00f3ria, distrito de Valen\u00e7a, no estado do Rio de Janeiro, local caracterizado por suas Serestas e Serenatas. L\u00e1, nos hospedados no Hotel Fazenda Vilarejo. Voltamos todos renovados, pois a cidade respira m\u00fasica; m\u00fasica de verdade e isso nos acalanta o cora\u00e7\u00e3o, acalma a mente e [&hellip;]<\/p>\n","protected":false},"author":96,"featured_media":87062,"comment_status":"closed","ping_status":"closed","sticky":false,"template":"","format":"standard","meta":{"footnotes":""},"categories":[284],"tags":[],"class_list":["post-87063","post","type-post","status-publish","format-standard","has-post-thumbnail","hentry","category-turismo-rosa-oliveira"],"_links":{"self":[{"href":"https:\/\/diarioregionaldigital.com.br\/index.php?rest_route=\/wp\/v2\/posts\/87063","targetHints":{"allow":["GET"]}}],"collection":[{"href":"https:\/\/diarioregionaldigital.com.br\/index.php?rest_route=\/wp\/v2\/posts"}],"about":[{"href":"https:\/\/diarioregionaldigital.com.br\/index.php?rest_route=\/wp\/v2\/types\/post"}],"author":[{"embeddable":true,"href":"https:\/\/diarioregionaldigital.com.br\/index.php?rest_route=\/wp\/v2\/users\/96"}],"replies":[{"embeddable":true,"href":"https:\/\/diarioregionaldigital.com.br\/index.php?rest_route=%2Fwp%2Fv2%2Fcomments&post=87063"}],"version-history":[{"count":0,"href":"https:\/\/diarioregionaldigital.com.br\/index.php?rest_route=\/wp\/v2\/posts\/87063\/revisions"}],"wp:featuredmedia":[{"embeddable":true,"href":"https:\/\/diarioregionaldigital.com.br\/index.php?rest_route=\/wp\/v2\/media\/87062"}],"wp:attachment":[{"href":"https:\/\/diarioregionaldigital.com.br\/index.php?rest_route=%2Fwp%2Fv2%2Fmedia&parent=87063"}],"wp:term":[{"taxonomy":"category","embeddable":true,"href":"https:\/\/diarioregionaldigital.com.br\/index.php?rest_route=%2Fwp%2Fv2%2Fcategories&post=87063"},{"taxonomy":"post_tag","embeddable":true,"href":"https:\/\/diarioregionaldigital.com.br\/index.php?rest_route=%2Fwp%2Fv2%2Ftags&post=87063"}],"curies":[{"name":"wp","href":"https:\/\/api.w.org\/{rel}","templated":true}]}}