{"id":87061,"date":"2017-12-08T17:37:30","date_gmt":"2017-12-08T19:37:30","guid":{"rendered":"http:\/\/diarioregionaljf.com.br\/2017\/12\/08\/settra-modifica-transito-na-cidade-alta-no-domingo\/"},"modified":"2017-12-08T17:37:30","modified_gmt":"2017-12-08T19:37:30","slug":"settra-modifica-transito-na-cidade-alta-no-domingo","status":"publish","type":"post","link":"https:\/\/diarioregionaldigital.com.br\/?p=87061","title":{"rendered":"Settra modifica tr\u00e2nsito na Cidade Alta no domingo"},"content":{"rendered":"<p>No domingo, 10, a Secretaria de Transporte e Tr\u00e2nsito (Settra) da Prefeitura de Juiz de Fora (PJF) modificar\u00e1 o tr\u00e1fego de ve\u00edculos na Cidade Alta, em virtude da realiza\u00e7\u00e3o do \u201cDuathlon Thiago Machado \u201d no S\u00e3o Pedro.<\/p>\n<p>A BR-440 ser\u00e1 interditada no trecho entre a represa S\u00e3o Pedro e o cruzamento com a Rua Roberto Stiegert, das 8h \u00e0s 10h, para a realiza\u00e7\u00e3o das provas de corrida e ciclismo.<\/p>\n<p>Fonte: Assessoria<\/p>\n","protected":false},"excerpt":{"rendered":"<p>No domingo, 10, a Secretaria de Transporte e Tr\u00e2nsito (Settra) da Prefeitura de Juiz de Fora (PJF) modificar\u00e1 o tr\u00e1fego de ve\u00edculos na Cidade Alta, em virtude da realiza\u00e7\u00e3o do \u201cDuathlon Thiago Machado \u201d no S\u00e3o Pedro. A BR-440 ser\u00e1 interditada no trecho entre a represa S\u00e3o Pedro e o cruzamento com a Rua Roberto [&hellip;]<\/p>\n","protected":false},"author":96,"featured_media":87060,"comment_status":"closed","ping_status":"closed","sticky":false,"template":"","format":"standard","meta":{"footnotes":""},"categories":[253],"tags":[],"class_list":["post-87061","post","type-post","status-publish","format-standard","has-post-thumbnail","hentry","category-cidade"],"_links":{"self":[{"href":"https:\/\/diarioregionaldigital.com.br\/index.php?rest_route=\/wp\/v2\/posts\/87061","targetHints":{"allow":["GET"]}}],"collection":[{"href":"https:\/\/diarioregionaldigital.com.br\/index.php?rest_route=\/wp\/v2\/posts"}],"about":[{"href":"https:\/\/diarioregionaldigital.com.br\/index.php?rest_route=\/wp\/v2\/types\/post"}],"author":[{"embeddable":true,"href":"https:\/\/diarioregionaldigital.com.br\/index.php?rest_route=\/wp\/v2\/users\/96"}],"replies":[{"embeddable":true,"href":"https:\/\/diarioregionaldigital.com.br\/index.php?rest_route=%2Fwp%2Fv2%2Fcomments&post=87061"}],"version-history":[{"count":0,"href":"https:\/\/diarioregionaldigital.com.br\/index.php?rest_route=\/wp\/v2\/posts\/87061\/revisions"}],"wp:featuredmedia":[{"embeddable":true,"href":"https:\/\/diarioregionaldigital.com.br\/index.php?rest_route=\/wp\/v2\/media\/87060"}],"wp:attachment":[{"href":"https:\/\/diarioregionaldigital.com.br\/index.php?rest_route=%2Fwp%2Fv2%2Fmedia&parent=87061"}],"wp:term":[{"taxonomy":"category","embeddable":true,"href":"https:\/\/diarioregionaldigital.com.br\/index.php?rest_route=%2Fwp%2Fv2%2Fcategories&post=87061"},{"taxonomy":"post_tag","embeddable":true,"href":"https:\/\/diarioregionaldigital.com.br\/index.php?rest_route=%2Fwp%2Fv2%2Ftags&post=87061"}],"curies":[{"name":"wp","href":"https:\/\/api.w.org\/{rel}","templated":true}]}}