{"id":87059,"date":"2017-12-08T17:36:00","date_gmt":"2017-12-08T19:36:00","guid":{"rendered":"http:\/\/diarioregionaljf.com.br\/2017\/12\/08\/mostra-de-performances-do-ato-comeca-no-domingo\/"},"modified":"2017-12-08T17:36:00","modified_gmt":"2017-12-08T19:36:00","slug":"mostra-de-performances-do-ato-comeca-no-domingo","status":"publish","type":"post","link":"https:\/\/diarioregionaldigital.com.br\/?p=87059","title":{"rendered":"Mostra de performances do \u201cATO\u201d come\u00e7a no domingo"},"content":{"rendered":"<p>A partir de domingo, 10, artistas, provocados por outros artistas, apresentar\u00e3o cria\u00e7\u00f5es teatrais in\u00e9ditas na programa\u00e7\u00e3o do \u201cATO\u201d, evento promovido pela Funda\u00e7\u00e3o Cultural Alfredo Ferreira Lage (Funalfa). A \u201cMostra de Performances\u201d acontecer\u00e1 at\u00e9 quarta-feira, 13, no \u201cOandardebaixo\u201d, localizado na Rua Floriano Peixoto, n\u00ba37, Centro, com entrada gratuita.<\/p>\n<p>Para participar, os artistas realizaram inscri\u00e7\u00e3o pr\u00e9via, por e-mail. Ap\u00f3s reuni\u00e3o, para explica\u00e7\u00e3o do procedimento e orienta\u00e7\u00f5es t\u00e9cnicas, os participantes pensaram em provoca\u00e7\u00f5es e sugest\u00f5es de cena, que foram sorteadas entre os inscritos. Ser\u00e3o 20 cenas, nos quatro dias de mostra. O evento come\u00e7a sempre \u00e0s 21h. No domingo, \u201cOandardebaixo\u201d abre \u00e0s 20h, com show ao vivo de Filipe Alvim.<\/p>\n<p>Diretor de cultura da Funalfa, Zezinho Mancini explica que o evento coloca em pr\u00e1tica o conceito do \u201cATO\u201d, que tem como subt\u00edtulo \u201cteatro, pensamento e movimento\u201d. \u201cO teatro \u00e9 uma arte coletiva por ess\u00eancia, ent\u00e3o, essa proposta das provoca\u00e7\u00f5es, em que um artista estimula e modifica a cria\u00e7\u00e3o do outro, proporciona um momento de troca, de coparticipa\u00e7\u00e3o, de a\u00e7\u00e3o e rea\u00e7\u00e3o, traduzindo bastante o conceito do nosso evento, que prop\u00f5e juntar teoria e pr\u00e1tica em um mesmo momento\u201d.<\/p>\n<p>Fonte: Assessoria<\/p>\n","protected":false},"excerpt":{"rendered":"<p>A partir de domingo, 10, artistas, provocados por outros artistas, apresentar\u00e3o cria\u00e7\u00f5es teatrais in\u00e9ditas na programa\u00e7\u00e3o do \u201cATO\u201d, evento promovido pela Funda\u00e7\u00e3o Cultural Alfredo Ferreira Lage (Funalfa). A \u201cMostra de Performances\u201d acontecer\u00e1 at\u00e9 quarta-feira, 13, no \u201cOandardebaixo\u201d, localizado na Rua Floriano Peixoto, n\u00ba37, Centro, com entrada gratuita. Para participar, os artistas realizaram inscri\u00e7\u00e3o pr\u00e9via, por [&hellip;]<\/p>\n","protected":false},"author":96,"featured_media":87058,"comment_status":"closed","ping_status":"closed","sticky":false,"template":"","format":"standard","meta":{"footnotes":""},"categories":[256],"tags":[],"class_list":["post-87059","post","type-post","status-publish","format-standard","has-post-thumbnail","hentry","category-cultura"],"_links":{"self":[{"href":"https:\/\/diarioregionaldigital.com.br\/index.php?rest_route=\/wp\/v2\/posts\/87059","targetHints":{"allow":["GET"]}}],"collection":[{"href":"https:\/\/diarioregionaldigital.com.br\/index.php?rest_route=\/wp\/v2\/posts"}],"about":[{"href":"https:\/\/diarioregionaldigital.com.br\/index.php?rest_route=\/wp\/v2\/types\/post"}],"author":[{"embeddable":true,"href":"https:\/\/diarioregionaldigital.com.br\/index.php?rest_route=\/wp\/v2\/users\/96"}],"replies":[{"embeddable":true,"href":"https:\/\/diarioregionaldigital.com.br\/index.php?rest_route=%2Fwp%2Fv2%2Fcomments&post=87059"}],"version-history":[{"count":0,"href":"https:\/\/diarioregionaldigital.com.br\/index.php?rest_route=\/wp\/v2\/posts\/87059\/revisions"}],"wp:featuredmedia":[{"embeddable":true,"href":"https:\/\/diarioregionaldigital.com.br\/index.php?rest_route=\/wp\/v2\/media\/87058"}],"wp:attachment":[{"href":"https:\/\/diarioregionaldigital.com.br\/index.php?rest_route=%2Fwp%2Fv2%2Fmedia&parent=87059"}],"wp:term":[{"taxonomy":"category","embeddable":true,"href":"https:\/\/diarioregionaldigital.com.br\/index.php?rest_route=%2Fwp%2Fv2%2Fcategories&post=87059"},{"taxonomy":"post_tag","embeddable":true,"href":"https:\/\/diarioregionaldigital.com.br\/index.php?rest_route=%2Fwp%2Fv2%2Ftags&post=87059"}],"curies":[{"name":"wp","href":"https:\/\/api.w.org\/{rel}","templated":true}]}}