{"id":87057,"date":"2017-12-08T17:31:57","date_gmt":"2017-12-08T19:31:57","guid":{"rendered":"http:\/\/diarioregionaljf.com.br\/2017\/12\/08\/secretaria-de-obras-finaliza-muro-de-contencao-na-vila-olavo-costa\/"},"modified":"2017-12-08T17:31:57","modified_gmt":"2017-12-08T19:31:57","slug":"secretaria-de-obras-finaliza-muro-de-contencao-na-vila-olavo-costa","status":"publish","type":"post","link":"https:\/\/diarioregionaldigital.com.br\/?p=87057","title":{"rendered":"Secretaria de Obras finaliza muro de conten\u00e7\u00e3o na Vila Olavo Costa"},"content":{"rendered":"<p>A Secretaria de Obras (SO) da Prefeitura de Juiz de Fora (PJF) finalizou a constru\u00e7\u00e3o de muro de conten\u00e7\u00e3o na Rua Esperan\u00e7a, no Bairro Vila Olavo Costa, regi\u00e3o Sudeste. Nos pr\u00f3ximos dias, a equipe trabalhar\u00e1 na constru\u00e7\u00e3o do passeio com guarda-corpo. A obra atende demanda antiga dos moradores da rua, preocupados com a situa\u00e7\u00e3o do local, que, al\u00e9m da amea\u00e7a de desmoronamento, que coloca em risco cinco casas ao redor, poderia prejudicar o bairro, dificultando o acesso de carros e \u00f4nibus \u00e0 via.<\/p>\n<p>Jos\u00e9 Paulo da Silva, 73 anos, residente em uma das casas no entorno do terreno, ficou satisfeito com o andamento da obra. \u201cDepois que atenderam a solicita\u00e7\u00e3o, ficou pronto muito r\u00e1pido. N\u00e3o temos mais preocupa\u00e7\u00e3o do barranco cair\u201d.<\/p>\n<p>Fonte: Assessoria<\/p>\n","protected":false},"excerpt":{"rendered":"<p>A Secretaria de Obras (SO) da Prefeitura de Juiz de Fora (PJF) finalizou a constru\u00e7\u00e3o de muro de conten\u00e7\u00e3o na Rua Esperan\u00e7a, no Bairro Vila Olavo Costa, regi\u00e3o Sudeste. Nos pr\u00f3ximos dias, a equipe trabalhar\u00e1 na constru\u00e7\u00e3o do passeio com guarda-corpo. A obra atende demanda antiga dos moradores da rua, preocupados com a situa\u00e7\u00e3o do [&hellip;]<\/p>\n","protected":false},"author":96,"featured_media":87056,"comment_status":"closed","ping_status":"closed","sticky":false,"template":"","format":"standard","meta":{"footnotes":""},"categories":[253],"tags":[],"class_list":["post-87057","post","type-post","status-publish","format-standard","has-post-thumbnail","hentry","category-cidade"],"_links":{"self":[{"href":"https:\/\/diarioregionaldigital.com.br\/index.php?rest_route=\/wp\/v2\/posts\/87057","targetHints":{"allow":["GET"]}}],"collection":[{"href":"https:\/\/diarioregionaldigital.com.br\/index.php?rest_route=\/wp\/v2\/posts"}],"about":[{"href":"https:\/\/diarioregionaldigital.com.br\/index.php?rest_route=\/wp\/v2\/types\/post"}],"author":[{"embeddable":true,"href":"https:\/\/diarioregionaldigital.com.br\/index.php?rest_route=\/wp\/v2\/users\/96"}],"replies":[{"embeddable":true,"href":"https:\/\/diarioregionaldigital.com.br\/index.php?rest_route=%2Fwp%2Fv2%2Fcomments&post=87057"}],"version-history":[{"count":0,"href":"https:\/\/diarioregionaldigital.com.br\/index.php?rest_route=\/wp\/v2\/posts\/87057\/revisions"}],"wp:featuredmedia":[{"embeddable":true,"href":"https:\/\/diarioregionaldigital.com.br\/index.php?rest_route=\/wp\/v2\/media\/87056"}],"wp:attachment":[{"href":"https:\/\/diarioregionaldigital.com.br\/index.php?rest_route=%2Fwp%2Fv2%2Fmedia&parent=87057"}],"wp:term":[{"taxonomy":"category","embeddable":true,"href":"https:\/\/diarioregionaldigital.com.br\/index.php?rest_route=%2Fwp%2Fv2%2Fcategories&post=87057"},{"taxonomy":"post_tag","embeddable":true,"href":"https:\/\/diarioregionaldigital.com.br\/index.php?rest_route=%2Fwp%2Fv2%2Ftags&post=87057"}],"curies":[{"name":"wp","href":"https:\/\/api.w.org\/{rel}","templated":true}]}}