{"id":87049,"date":"2017-12-08T16:55:31","date_gmt":"2017-12-08T18:55:31","guid":{"rendered":"http:\/\/diarioregionaljf.com.br\/2017\/12\/08\/ventos-fortes-devem-continuar-no-sul-da-california-e-impedir-combate-a-incendios\/"},"modified":"2017-12-08T16:55:31","modified_gmt":"2017-12-08T18:55:31","slug":"ventos-fortes-devem-continuar-no-sul-da-california-e-impedir-combate-a-incendios","status":"publish","type":"post","link":"https:\/\/diarioregionaldigital.com.br\/?p=87049","title":{"rendered":"Ventos fortes devem continuar no sul da Calif\u00f3rnia e impedir combate a inc\u00eandios"},"content":{"rendered":"<p>A previs\u00e3o do tempo para essa sexta-feira, 8, \u00e9 de que os ventos devem continuar atuando no sul da Calif\u00f3rnia, o que impede o combate dos focos de inc\u00eandio que atingem a regi\u00e3o. Mais de 110 mil pessoas receberam ordem de sa\u00edda obrigat\u00f3ria em San Diego, Santa Ana e Riverside nessa quinta-feira, 7. Mais de 150 mil hectares foram queimados na regi\u00e3o de Los Angeles e San Diego.<\/p>\n<p>San Diego continua em estado de emerg\u00eancia, declarado pelo governador da Calif\u00f3rnia, Jerry Brown, nessa quinta. Vinte pr\u00e9dios foram destru\u00eddos e 1.000 est\u00e3o amea\u00e7ados. Em Los Angeles, 15 mil casas est\u00e3o amea\u00e7ados pelo fogo. Mais de 5 mil bombeiros trabalham para tentar controlar o inc\u00eandio.<\/p>\n<p>A Hiqh Way 76, rodovia que liga San Diego ao centro do estado, foi fechada em ambos os sentidos. Al\u00e9m do fogo, a fuma\u00e7a \u00e9 extremamente perigosa \u00e0 saude dos moradores. Imagens das redes de televis\u00e3o americanas e v\u00eddeos de internautas mostram o c\u00e9u cinza e as chamas dos focos de inc\u00eandio.<\/p>\n<p>Segundo o governo estadual, n\u00e3o houve registro de v\u00edtimas. O Departamento de Floresta e Prote\u00e7\u00e3o informou que pelo menos seis grandes inc\u00eandios estavam ativos na noite de ontem, com ventos de 130 quil\u00f4metros por hora, na dire\u00e7\u00e3o oeste.<\/p>\n<p>Ken Pimlott, diretor do \u00f3rg\u00e3o, disse que a dificuldade para controlar os inc\u00eandios ocorre por causa dos ventos muito velozes e prolongados, que n\u00e3o d\u00e3o &#8220;tr\u00e9gua&#8221;. Em entrevista ao jornal Los Angeles Times, ele afirmou n\u00e3o que h\u00e1 como combater o fogo com esse tipo de vento.<\/p>\n<p>Os primeiros focos de inc\u00eandio come\u00e7aram na segunda-feira, 4, nas proximidades de Los Angeles. A maioria foi controlada, mas novos focos se espalharam rapidamente com o vento forte dessa quinta-feira, indo em dire\u00e7\u00e3o ao sul e ao oeste.<\/p>\n<p>Fonte: Ag\u00eancia Brasil<\/p>\n","protected":false},"excerpt":{"rendered":"<p>A previs\u00e3o do tempo para essa sexta-feira, 8, \u00e9 de que os ventos devem continuar atuando no sul da Calif\u00f3rnia, o que impede o combate dos focos de inc\u00eandio que atingem a regi\u00e3o. Mais de 110 mil pessoas receberam ordem de sa\u00edda obrigat\u00f3ria em San Diego, Santa Ana e Riverside nessa quinta-feira, 7. Mais de [&hellip;]<\/p>\n","protected":false},"author":96,"featured_media":87048,"comment_status":"closed","ping_status":"closed","sticky":false,"template":"","format":"standard","meta":{"footnotes":""},"categories":[302],"tags":[],"class_list":["post-87049","post","type-post","status-publish","format-standard","has-post-thumbnail","hentry","category-brasil-mundo"],"_links":{"self":[{"href":"https:\/\/diarioregionaldigital.com.br\/index.php?rest_route=\/wp\/v2\/posts\/87049","targetHints":{"allow":["GET"]}}],"collection":[{"href":"https:\/\/diarioregionaldigital.com.br\/index.php?rest_route=\/wp\/v2\/posts"}],"about":[{"href":"https:\/\/diarioregionaldigital.com.br\/index.php?rest_route=\/wp\/v2\/types\/post"}],"author":[{"embeddable":true,"href":"https:\/\/diarioregionaldigital.com.br\/index.php?rest_route=\/wp\/v2\/users\/96"}],"replies":[{"embeddable":true,"href":"https:\/\/diarioregionaldigital.com.br\/index.php?rest_route=%2Fwp%2Fv2%2Fcomments&post=87049"}],"version-history":[{"count":0,"href":"https:\/\/diarioregionaldigital.com.br\/index.php?rest_route=\/wp\/v2\/posts\/87049\/revisions"}],"wp:featuredmedia":[{"embeddable":true,"href":"https:\/\/diarioregionaldigital.com.br\/index.php?rest_route=\/wp\/v2\/media\/87048"}],"wp:attachment":[{"href":"https:\/\/diarioregionaldigital.com.br\/index.php?rest_route=%2Fwp%2Fv2%2Fmedia&parent=87049"}],"wp:term":[{"taxonomy":"category","embeddable":true,"href":"https:\/\/diarioregionaldigital.com.br\/index.php?rest_route=%2Fwp%2Fv2%2Fcategories&post=87049"},{"taxonomy":"post_tag","embeddable":true,"href":"https:\/\/diarioregionaldigital.com.br\/index.php?rest_route=%2Fwp%2Fv2%2Ftags&post=87049"}],"curies":[{"name":"wp","href":"https:\/\/api.w.org\/{rel}","templated":true}]}}