{"id":87047,"date":"2017-12-08T16:49:07","date_gmt":"2017-12-08T18:49:07","guid":{"rendered":"http:\/\/diarioregionaljf.com.br\/2017\/12\/08\/unicef-diz-que-ha-95-milhoes-de-criancas-sem-registro-na-africa-subsaariana\/"},"modified":"2017-12-08T16:49:07","modified_gmt":"2017-12-08T18:49:07","slug":"unicef-diz-que-ha-95-milhoes-de-criancas-sem-registro-na-africa-subsaariana","status":"publish","type":"post","link":"https:\/\/diarioregionaldigital.com.br\/?p=87047","title":{"rendered":"Unicef diz que h\u00e1 95 milh\u00f5es de crian\u00e7as sem registro na \u00c1frica Subsaariana"},"content":{"rendered":"<p>O Fundo das Na\u00e7\u00f5es Unidas para a Inf\u00e2ncia (Unicef) alertou nessa quinta-feira, 7, que 95 milh\u00f5es de crian\u00e7as n\u00e3o possuem registro de nascimento na \u00c1frica Subsaariana, um n\u00famero que deve chegar a 115 milh\u00f5es em 2030 &#8220;se n\u00e3o forem tomadas medidas decisivas&#8221;. A informa\u00e7\u00e3o \u00e9 da ag\u00eancia EFE.<\/p>\n<p>O Unicef, que divulgou este dados na Quarta Confer\u00eancia de Ministros Africanos respons\u00e1veis pelo Registro Civil \u2013 que est\u00e1 sendo realizada esta semana em Nouakchott, capital da Maurit\u00e2nia &#8211; pediu aos pa\u00edses africanos que priorizem o registro de nascimento como um primeiro e fundamental passo para um sistema nacional funcional de registro civil e um sistema estat\u00edstico vital.<\/p>\n<p>&#8220;Tais n\u00edveis de invisibilidade n\u00e3o podem persistir. O custo \u00e9 alto demais. Sem nenhuma prova de identidade, de idade ou de nacionalidade, uma crian\u00e7a n\u00e3o registrada \u00e9 vulner\u00e1vel a viola\u00e7\u00f5es como o casamento infantil, o trabalho infantil e o recrutamento nas For\u00e7as Armadas&#8221;, disse a diretora do Unicef para a \u00c1frica Oriental e Meridional, Leila Pakkala.<\/p>\n<p>A ONU afirmou que as taxas de registro de nascimentos n\u00e3o melhoraram na \u00c1frica Subsaariana nos \u00faltimos 16 anos. Essa regi\u00e3o africana, que conta com uma taxa de popula\u00e7\u00e3o infantil de r\u00e1pido crescimento e uma baixa tend\u00eancia de que vai mudar a curto prazo, poderia ter at\u00e9 115 milh\u00f5es de&nbsp; crian\u00e7as n\u00e3o registradas em 2030.<\/p>\n<p>Sem uma mudan\u00e7a nesta t\u00f4nica, a \u00c1frica Subsaariana n\u00e3o alcan\u00e7aria a meta 16.9 dos 17 Objetivos de Desenvolvimento Sustent\u00e1vel da ONU, que fala em proporcionar identidade legal para todos, inclu\u00eddo o registro de nascimento.<\/p>\n<p>&nbsp;<\/p>\n<h4>INTERFACES<\/h4>\n<p>No entanto, apesar dos v\u00e1rios desafios, a interface com outros setores, como o de sa\u00fade e servi\u00e7os de cuidado infantil &#8211; como campanhas de imuniza\u00e7\u00e3o -, poderia acelerar e aumentar o registro de crian\u00e7as nascidas em centros de sa\u00fade e no lar.<\/p>\n<p>Pa\u00edses como Gana, Mali, Senegal, Uganda, Nam\u00edbia e Eti\u00f3pia quase duplicaram seu registro de rec\u00e9m-nascidos fazendo com que os dois setores fossem interoper\u00e1veis, explicou a diretora do Unicef para \u00c1frica Ocidental e Central, Marie-Pierre Poirier.<\/p>\n<p>O Unicef respalda o Programa Africano de Melhoria Acelerada do Registro Civil e das Estat\u00edsticas Vitais, cujo objetivo \u00e9 reformar permanentemente os sistemas de registro civil, inclu\u00eddo o registro de nascimentos em todo o continente.<\/p>\n<p>Fonte: Ag\u00eancia Brasil<\/p>\n","protected":false},"excerpt":{"rendered":"<p>O Fundo das Na\u00e7\u00f5es Unidas para a Inf\u00e2ncia (Unicef) alertou nessa quinta-feira, 7, que 95 milh\u00f5es de crian\u00e7as n\u00e3o possuem registro de nascimento na \u00c1frica Subsaariana, um n\u00famero que deve chegar a 115 milh\u00f5es em 2030 &#8220;se n\u00e3o forem tomadas medidas decisivas&#8221;. A informa\u00e7\u00e3o \u00e9 da ag\u00eancia EFE. O Unicef, que divulgou este dados na [&hellip;]<\/p>\n","protected":false},"author":96,"featured_media":87046,"comment_status":"closed","ping_status":"closed","sticky":false,"template":"","format":"standard","meta":{"footnotes":""},"categories":[302],"tags":[],"class_list":["post-87047","post","type-post","status-publish","format-standard","has-post-thumbnail","hentry","category-brasil-mundo"],"_links":{"self":[{"href":"https:\/\/diarioregionaldigital.com.br\/index.php?rest_route=\/wp\/v2\/posts\/87047","targetHints":{"allow":["GET"]}}],"collection":[{"href":"https:\/\/diarioregionaldigital.com.br\/index.php?rest_route=\/wp\/v2\/posts"}],"about":[{"href":"https:\/\/diarioregionaldigital.com.br\/index.php?rest_route=\/wp\/v2\/types\/post"}],"author":[{"embeddable":true,"href":"https:\/\/diarioregionaldigital.com.br\/index.php?rest_route=\/wp\/v2\/users\/96"}],"replies":[{"embeddable":true,"href":"https:\/\/diarioregionaldigital.com.br\/index.php?rest_route=%2Fwp%2Fv2%2Fcomments&post=87047"}],"version-history":[{"count":0,"href":"https:\/\/diarioregionaldigital.com.br\/index.php?rest_route=\/wp\/v2\/posts\/87047\/revisions"}],"wp:featuredmedia":[{"embeddable":true,"href":"https:\/\/diarioregionaldigital.com.br\/index.php?rest_route=\/wp\/v2\/media\/87046"}],"wp:attachment":[{"href":"https:\/\/diarioregionaldigital.com.br\/index.php?rest_route=%2Fwp%2Fv2%2Fmedia&parent=87047"}],"wp:term":[{"taxonomy":"category","embeddable":true,"href":"https:\/\/diarioregionaldigital.com.br\/index.php?rest_route=%2Fwp%2Fv2%2Fcategories&post=87047"},{"taxonomy":"post_tag","embeddable":true,"href":"https:\/\/diarioregionaldigital.com.br\/index.php?rest_route=%2Fwp%2Fv2%2Ftags&post=87047"}],"curies":[{"name":"wp","href":"https:\/\/api.w.org\/{rel}","templated":true}]}}