{"id":87045,"date":"2017-12-08T13:38:23","date_gmt":"2017-12-08T15:38:23","guid":{"rendered":"http:\/\/diarioregionaljf.com.br\/2017\/12\/08\/camara-publica-edital-para-definir-empresa-que-organizara-concurso-publico\/"},"modified":"2017-12-08T13:38:23","modified_gmt":"2017-12-08T15:38:23","slug":"camara-publica-edital-para-definir-empresa-que-organizara-concurso-publico","status":"publish","type":"post","link":"https:\/\/diarioregionaldigital.com.br\/?p=87045","title":{"rendered":"C\u00e2mara publica edital para definir empresa que organizar\u00e1 concurso p\u00fablico"},"content":{"rendered":"<p>O Atos do Legislativo da C\u00e2mara Municipal publicou nesta sexta-feira, 8, edital para definir a empresa organizadora do concurso p\u00fablico que vai oferecer 30 vagas para o quadro efetivo de pessoal do \u00f3rg\u00e3o. A abertura da licita\u00e7\u00e3o ocorrer\u00e1 no dia 20 de dezembro, \u00e0s 9h30m, na sala da Escola do Legislativo, no 1\u00ba andar do pr\u00e9dio do INSS, na Rua Marechal Deodoro, 722. Centro.<\/p>\n<p>A inten\u00e7\u00e3o de ampliar o n\u00famero de concursados foi manifestada pelo presidente da C\u00e2mara, Rodrigo Mattos, desde o in\u00edcio da sua primeira gest\u00e3o \u00e0 frente da Casa, no bi\u00eanio 2015\/2016. Um dos intuitos \u00e9 equilibrar o n\u00famero de servidores de carreira em rela\u00e7\u00e3o ao quadro de comissionados. Al\u00e9m disso, o corpo de Analistas em diversas \u00e1reas de conhecimento tornar\u00e1 ainda mais eficiente o trabalho dos vereadores nas comiss\u00f5es permanentes, na elabora\u00e7\u00e3o de projetos de lei, em plen\u00e1rio e mesmo na estrutura administrativa. Os demais cargos a serem preenchidos tamb\u00e9m foram estrategicamente criados para garantir maior efici\u00eancia \u00e0s atividades desenvolvidas pela C\u00e2mara Municipal.<\/p>\n<p>A licita\u00e7\u00e3o ser\u00e1 na modalidade preg\u00e3o presencial, do tipo menor pre\u00e7o, ampla concorr\u00eancia e em regime de empreitada por pre\u00e7o global. Isso significa que as empresas interessadas entregam um envelope fechado com sua proposta. Ap\u00f3s essa etapa, o pregoeiro analisa as propostas e, a partir do menor valor ofertado, classifica para a pr\u00f3xima fase todas as propostas com um valor at\u00e9 10% maior. Feito isso, \u00e9 iniciado a etapa de lances verbais por parte dos representantes das empresas. A empresa que apresentar a proposta mais vantajosa \u00e9 a vencedora.<\/p>\n<p>A previs\u00e3o \u00e9 que o edital do concurso seja publicado 60 dias ap\u00f3s a assinatura do contrato. <a href=\"http:\/\/www.camarajf.mg.gov.br\/mostra_anexo.php?tipo=lic&amp;cod_licitacao=347\">Confira o edital<\/a><\/p>\n<p><span style=\"font-size: 18pt;\">Retrospectiva<\/span><\/p>\n<p>Inicialmente, o lan\u00e7amento do edital do concurso estava previsto para o dia 11 de janeiro deste ano. O concurso seria organizado pela Fumarc, funda\u00e7\u00e3o ligada \u00e0 PUC\/Minas. No entanto, a C\u00e2mara Municipal seguiu a recomenda\u00e7\u00e3o do Minist\u00e9rio P\u00fablico (MP), por meio da promotoria de Direitos Humanos\/Patrim\u00f4nio P\u00fablico, de que n\u00e3o lan\u00e7asse o edital sem que o mesmo fosse remetido ao \u00f3rg\u00e3o.<\/p>\n<p>Devido \u00e0 recomenda\u00e7\u00e3o da realiza\u00e7\u00e3o de concorr\u00eancia pelo Minist\u00e9rio P\u00fablico, a C\u00e2mara realizou o cancelamento do contrato com a Fumarc. Fez-se necess\u00e1rio, ent\u00e3o, o lan\u00e7amento de um novo edital para a defini\u00e7\u00e3o da empresa respons\u00e1vel pela realiza\u00e7\u00e3o do concurso p\u00fablico da C\u00e2mara.<\/p>\n<p>O edital prev\u00ea a abertura de 30 vagas, com sal\u00e1rios que v\u00e3o de R$1526,28 a R$4.725,08. As vagas s\u00e3o destinadas a assistentes t\u00e9cnicos, jornalistas, assistentes legislativos, t\u00e9cnicos em inform\u00e1tica e t\u00e9cnico em Seguran\u00e7a do Trabalho.<\/p>\n<p><span style=\"font-size: 18pt;\">Confira as vagas criadas na C\u00e2mara<\/span><\/p>\n<table>\n<tbody>\n<tr>\n<td>\n<p><strong>Cargos<\/strong><\/p>\n<\/td>\n<td>\n<p><strong>Forma\u00e7\u00e3o exigida<\/strong><\/p>\n<\/td>\n<td>\n<p><strong>Vagas<\/strong><\/p>\n<\/td>\n<td>\n<p><strong>Sal\u00e1rios<\/strong><\/p>\n<\/td>\n<\/tr>\n<tr>\n<td>\n<p>Assistente T\u00e9cnico Legislativo Administrador de Gest\u00e3o em RH<\/p>\n<\/td>\n<td>\n<p>Curso Superior em Administra\u00e7\u00e3o, Curso Superior de Tecnologia em Gest\u00e3o de Recursos Humanos ou Curso Superior de Tecnologia em Gest\u00e3o P\u00fablica, reconhecidos pelo MEC ou \u00f3rg\u00e3o estadual competente, com diploma devidamente registrado e registro profissional ativo no(s) \u00f3rg\u00e3o(s) competente(s).<\/p>\n<\/td>\n<td>\n<p>1<\/p>\n<\/td>\n<td>\n<p>R$ 4.725,08<\/p>\n<\/td>\n<\/tr>\n<tr>\n<td>\n<p>Assistente T\u00e9cnico Legislativo Analista na \u00e1rea de Ci\u00eancias Sociais e Pol\u00edticas<\/p>\n<\/td>\n<td>\n<p>Curso de gradua\u00e7\u00e3o de n\u00edvel superior em qualquer \u00e1rea de forma\u00e7\u00e3o, reconhecido pelo MEC ou \u00f3rg\u00e3o estadual competente, com diploma devidamente registrado.<\/p>\n<\/td>\n<td>\n<p>1<\/p>\n<\/td>\n<td>\n<p>R$ 4.725,08<\/p>\n<\/td>\n<\/tr>\n<tr>\n<td>\n<p>&nbsp;Assistente T\u00e9cnico Legislativo Analista na \u00e1rea de Educa\u00e7\u00e3o e Cultura<\/p>\n<\/td>\n<td>\n<p>Curso de gradua\u00e7\u00e3o de n\u00edvel superior em qualquer \u00e1rea de forma\u00e7\u00e3o, reconhecido pelo MEC ou \u00f3rg\u00e3o estadual competente, com diploma devidamente registrado.<\/p>\n<\/td>\n<td>\n<p>1<\/p>\n<\/td>\n<td>\n<p>R$ 4.725,08<\/p>\n<\/td>\n<\/tr>\n<tr>\n<td>\n<p>Assistente T\u00e9cnico Legislativo Analista na \u00c1rea de Meio Ambiente<\/p>\n<\/td>\n<td>\n<p>Curso de gradua\u00e7\u00e3o de n\u00edvel superior em qualquer \u00e1rea de forma\u00e7\u00e3o, reconhecido pelo MEC ou \u00f3rg\u00e3o estadual competente, com diploma devidamente registrado.<\/p>\n<\/td>\n<td>\n<p>&nbsp;<\/p>\n<\/td>\n<td>\n<p>R$ 4.725,08&nbsp;<\/p>\n<\/td>\n<\/tr>\n<tr>\n<td>\n<p>Assistente T\u00e9cnico Legislativo Analista na \u00c1rea de Pol\u00edtica Urbana<\/p>\n<\/td>\n<td>\n<p>Curso de gradua\u00e7\u00e3o de n\u00edvel superior em qualquer \u00e1rea de forma\u00e7\u00e3o, reconhecida pelo MEC ou \u00b4rg\u00e3o estadual competente, com diploma devidamente registrado.<\/p>\n<\/td>\n<td>\n<p>1<\/p>\n<\/td>\n<td>\n<p>&nbsp;R$ 4.725,08<\/p>\n<\/td>\n<\/tr>\n<tr>\n<td>\n<p>Assistente T\u00e9cnico Legislativo Analista na \u00e1rea de Sa\u00fade P\u00fablica<\/p>\n<\/td>\n<td>\n<p>Curso de gradua\u00e7\u00e3o de n\u00edvel superior em qualquer \u00e1rea de forma\u00e7\u00e3o, reconhecido pelo MEC ou \u00f3rg\u00e3o estadual competente, com diploma devidamente registrado.<\/p>\n<\/td>\n<td>\n<p>1<\/p>\n<\/td>\n<td>\n<p>R$ 4.725,08<\/p>\n<\/td>\n<\/tr>\n<tr>\n<td>\n<p>Assistente T\u00e9cnico Legislativo Psic\u00f3logo<\/p>\n<\/td>\n<td>\n<p>Curso de gradua\u00e7\u00e3o de n\u00edvel superior em Psicologia reconhecido pelo MEC ou \u00f3rg\u00e3o estadual competente, com diploma devidamente registrado, e registro profissional ativo no(s) \u00f3rg\u00e3o(s) competente(s).<\/p>\n<\/td>\n<td>\n<p>1<\/p>\n<\/td>\n<td>\n<p>R$ 4.725,08<\/p>\n<\/td>\n<\/tr>\n<tr>\n<td>\n<p>Assistente T\u00e9cnico Legislativo Redator\/Revisor<\/p>\n<\/td>\n<td>\n<p>Curso de gradua\u00e7\u00e3o de n\u00edvel superior em Letras reconhecido pelo MEC ou \u00f3rg\u00e3o estadual competente, com diploma devidamente registrado.<\/p>\n<\/td>\n<td>\n<p>2<\/p>\n<\/td>\n<td>\n<p>R$ 4.725,08<\/p>\n<\/td>\n<\/tr>\n<tr>\n<td>\n<p>Assistente Legislativo T\u00e9cnico em Inform\u00e1tica<\/p>\n<\/td>\n<td>\n<p>Curso T\u00e9cnico em T\u00e9cnico em Inform\u00e1tica &nbsp;equivalente ao ensino m\u00e9dio reconhecido pelo MEC ou \u00f3rg\u00e3o estadual competente, com diploma devidamente registrado.<\/p>\n<\/td>\n<td>\n<p>3<\/p>\n<\/td>\n<td>\n<p>R$2.362,53<\/p>\n<\/td>\n<\/tr>\n<tr>\n<td>\n<p>Assistente Legislativo T\u00e9cnico em Seguran\u00e7a do Trabalho<\/p>\n<\/td>\n<td>\n<p>Curso T\u00e9cnico em Seguran\u00e7a do Trabalho equivalente ao ensino m\u00e9dio reconhecido pelo MEC ou \u00f3rg\u00e3o estadual competente, com diploma devidamente registrado, e registro ativo no Minist\u00e9rio do Trabalho e Emprego &#8211; MTE.<\/p>\n<\/td>\n<td>\n<p>1<\/p>\n<\/td>\n<td>\n<p>R$2.362,53<\/p>\n<\/td>\n<\/tr>\n<tr>\n<td>\n<p>Jornalista<\/p>\n<\/td>\n<td>\n<p>Curso de gradua\u00e7\u00e3o de n\u00edvel superior em Comunica\u00e7\u00e3o Social na \u00e1rea de Jornalismo reconhecido pelo MEC ou \u00f3rg\u00e3o estadual competente, com diploma registrado, e &nbsp;&nbsp;registro profissional ativo no(s) \u00f3rg\u00e3o(s) competente(s).<\/p>\n<\/td>\n<td>\n<p>4<\/p>\n<\/td>\n<td>\n<p>R$ 3.543,80<\/p>\n<\/td>\n<\/tr>\n<tr>\n<td>\n<p>Assistente Legislativo I<\/p>\n<\/td>\n<td>\n<p>Ensino m\u00e9dio<\/p>\n<\/td>\n<td>\n<p>13<\/p>\n<\/td>\n<td>\n<p>R$ 1.526,58<\/p>\n<\/td>\n<\/tr>\n<tr>\n<td>\n<p>Total<\/p>\n<\/td>\n<td>&nbsp;<\/td>\n<td>\n<p>30<\/p>\n<\/td>\n<td>&nbsp;<\/td>\n<\/tr>\n<\/tbody>\n<\/table>\n<p>&nbsp;<\/p>\n<p>Fonte: Assessoria \/ C\u00e2mara Municipal de Juiz de Fora<\/p>\n","protected":false},"excerpt":{"rendered":"<p>O Atos do Legislativo da C\u00e2mara Municipal publicou nesta sexta-feira, 8, edital para definir a empresa organizadora do concurso p\u00fablico que vai oferecer 30 vagas para o quadro efetivo de pessoal do \u00f3rg\u00e3o. A abertura da licita\u00e7\u00e3o ocorrer\u00e1 no dia 20 de dezembro, \u00e0s 9h30m, na sala da Escola do Legislativo, no 1\u00ba andar do [&hellip;]<\/p>\n","protected":false},"author":96,"featured_media":87044,"comment_status":"closed","ping_status":"closed","sticky":false,"template":"","format":"standard","meta":{"footnotes":""},"categories":[254],"tags":[],"class_list":["post-87045","post","type-post","status-publish","format-standard","has-post-thumbnail","hentry","category-politica"],"_links":{"self":[{"href":"https:\/\/diarioregionaldigital.com.br\/index.php?rest_route=\/wp\/v2\/posts\/87045","targetHints":{"allow":["GET"]}}],"collection":[{"href":"https:\/\/diarioregionaldigital.com.br\/index.php?rest_route=\/wp\/v2\/posts"}],"about":[{"href":"https:\/\/diarioregionaldigital.com.br\/index.php?rest_route=\/wp\/v2\/types\/post"}],"author":[{"embeddable":true,"href":"https:\/\/diarioregionaldigital.com.br\/index.php?rest_route=\/wp\/v2\/users\/96"}],"replies":[{"embeddable":true,"href":"https:\/\/diarioregionaldigital.com.br\/index.php?rest_route=%2Fwp%2Fv2%2Fcomments&post=87045"}],"version-history":[{"count":0,"href":"https:\/\/diarioregionaldigital.com.br\/index.php?rest_route=\/wp\/v2\/posts\/87045\/revisions"}],"wp:featuredmedia":[{"embeddable":true,"href":"https:\/\/diarioregionaldigital.com.br\/index.php?rest_route=\/wp\/v2\/media\/87044"}],"wp:attachment":[{"href":"https:\/\/diarioregionaldigital.com.br\/index.php?rest_route=%2Fwp%2Fv2%2Fmedia&parent=87045"}],"wp:term":[{"taxonomy":"category","embeddable":true,"href":"https:\/\/diarioregionaldigital.com.br\/index.php?rest_route=%2Fwp%2Fv2%2Fcategories&post=87045"},{"taxonomy":"post_tag","embeddable":true,"href":"https:\/\/diarioregionaldigital.com.br\/index.php?rest_route=%2Fwp%2Fv2%2Ftags&post=87045"}],"curies":[{"name":"wp","href":"https:\/\/api.w.org\/{rel}","templated":true}]}}