{"id":87043,"date":"2017-12-08T13:00:35","date_gmt":"2017-12-08T15:00:35","guid":{"rendered":"http:\/\/diarioregionaljf.com.br\/2017\/12\/08\/pm-prende-cinco-pessoas-envolvidas-em-jogos-de-azar-no-centro-da-cidade\/"},"modified":"2017-12-08T13:00:35","modified_gmt":"2017-12-08T15:00:35","slug":"pm-prende-cinco-pessoas-envolvidas-em-jogos-de-azar-no-centro-da-cidade","status":"publish","type":"post","link":"https:\/\/diarioregionaldigital.com.br\/?p=87043","title":{"rendered":"PM prende cinco pessoas envolvidas em jogos de azar no centro da cidade"},"content":{"rendered":"<p>A Pol\u00edcia Militar (PM) prendeu cinco pessoas envolvidas em jogos de azar na tarde desta quinta-feira, 7, na regi\u00e3o central de Juiz de Fora.<\/p>\n<p>De acordo com o registro de ocorr\u00eancias, ap\u00f3s den\u00fancias an\u00f4nimas, uma equipe da PM se deslocou at\u00e9 a Rua Marechal Deodoro e no ponto indicado pelos denunciantes encontraram o grupo formado por tr\u00eas homens de 50, 68 e 71 anos e duas mulheres, de 50 e 61 anos. No local foram localizadas sete m\u00e1quinas ca\u00e7a-n\u00edqueis, estando uma desligada e seis em funcionamento.<\/p>\n<p>Mediante os fatos os autores receberam voz de pris\u00e3o e as m\u00e1quinas devidamente apreendidas.<\/p>\n","protected":false},"excerpt":{"rendered":"<p>A Pol\u00edcia Militar (PM) prendeu cinco pessoas envolvidas em jogos de azar na tarde desta quinta-feira, 7, na regi\u00e3o central de Juiz de Fora. De acordo com o registro de ocorr\u00eancias, ap\u00f3s den\u00fancias an\u00f4nimas, uma equipe da PM se deslocou at\u00e9 a Rua Marechal Deodoro e no ponto indicado pelos denunciantes encontraram o grupo formado [&hellip;]<\/p>\n","protected":false},"author":96,"featured_media":87042,"comment_status":"closed","ping_status":"closed","sticky":false,"template":"","format":"standard","meta":{"footnotes":""},"categories":[301],"tags":[],"class_list":["post-87043","post","type-post","status-publish","format-standard","has-post-thumbnail","hentry","category-artigos-policiais"],"_links":{"self":[{"href":"https:\/\/diarioregionaldigital.com.br\/index.php?rest_route=\/wp\/v2\/posts\/87043","targetHints":{"allow":["GET"]}}],"collection":[{"href":"https:\/\/diarioregionaldigital.com.br\/index.php?rest_route=\/wp\/v2\/posts"}],"about":[{"href":"https:\/\/diarioregionaldigital.com.br\/index.php?rest_route=\/wp\/v2\/types\/post"}],"author":[{"embeddable":true,"href":"https:\/\/diarioregionaldigital.com.br\/index.php?rest_route=\/wp\/v2\/users\/96"}],"replies":[{"embeddable":true,"href":"https:\/\/diarioregionaldigital.com.br\/index.php?rest_route=%2Fwp%2Fv2%2Fcomments&post=87043"}],"version-history":[{"count":0,"href":"https:\/\/diarioregionaldigital.com.br\/index.php?rest_route=\/wp\/v2\/posts\/87043\/revisions"}],"wp:featuredmedia":[{"embeddable":true,"href":"https:\/\/diarioregionaldigital.com.br\/index.php?rest_route=\/wp\/v2\/media\/87042"}],"wp:attachment":[{"href":"https:\/\/diarioregionaldigital.com.br\/index.php?rest_route=%2Fwp%2Fv2%2Fmedia&parent=87043"}],"wp:term":[{"taxonomy":"category","embeddable":true,"href":"https:\/\/diarioregionaldigital.com.br\/index.php?rest_route=%2Fwp%2Fv2%2Fcategories&post=87043"},{"taxonomy":"post_tag","embeddable":true,"href":"https:\/\/diarioregionaldigital.com.br\/index.php?rest_route=%2Fwp%2Fv2%2Ftags&post=87043"}],"curies":[{"name":"wp","href":"https:\/\/api.w.org\/{rel}","templated":true}]}}