{"id":87041,"date":"2017-12-08T11:57:47","date_gmt":"2017-12-08T13:57:47","guid":{"rendered":"http:\/\/diarioregionaljf.com.br\/2017\/12\/08\/mulher-e-assaltada-por-grupo-em-bicicletas-no-bairro-nova-benfica\/"},"modified":"2017-12-08T11:57:47","modified_gmt":"2017-12-08T13:57:47","slug":"mulher-e-assaltada-por-grupo-em-bicicletas-no-bairro-nova-benfica","status":"publish","type":"post","link":"https:\/\/diarioregionaldigital.com.br\/?p=87041","title":{"rendered":"Mulher \u00e9 assaltada por grupo em bicicletas no bairro Nova Benfica"},"content":{"rendered":"<p>Uma mulher de 39 anos foi assaltada por um grupo na manh\u00e3 desta quinta-feira, 7, no bairro Nova Benfica, localizado na zona Norte de Juiz de Fora.<\/p>\n<p>Segundo informa\u00e7\u00f5es da Pol\u00edcia Militar (PM), a v\u00edtima passava pela Avenida Pedro Timponi quando foi abordada por quatro indiv\u00edduos em bicicletas, que se aproximaram e anunciaram o assalto.<\/p>\n<p>O grupo amea\u00e7ou a mulher e exigiu que ela entregasse seu celular, o que foi prontamente feito. Ap\u00f3s o crime o grupo fugiu.<\/p>\n<p>De acordo com o relato da v\u00edtima, dois dos autores aparentavam ser menores de idade, e os outros dois, maiores de idade.<\/p>\n<p>A PM realizou buscas na regi\u00e3o, mas os indiv\u00edduos n\u00e3o foram localizados.<\/p>\n","protected":false},"excerpt":{"rendered":"<p>Uma mulher de 39 anos foi assaltada por um grupo na manh\u00e3 desta quinta-feira, 7, no bairro Nova Benfica, localizado na zona Norte de Juiz de Fora. Segundo informa\u00e7\u00f5es da Pol\u00edcia Militar (PM), a v\u00edtima passava pela Avenida Pedro Timponi quando foi abordada por quatro indiv\u00edduos em bicicletas, que se aproximaram e anunciaram o assalto. [&hellip;]<\/p>\n","protected":false},"author":96,"featured_media":87040,"comment_status":"closed","ping_status":"closed","sticky":false,"template":"","format":"standard","meta":{"footnotes":""},"categories":[301],"tags":[],"class_list":["post-87041","post","type-post","status-publish","format-standard","has-post-thumbnail","hentry","category-artigos-policiais"],"_links":{"self":[{"href":"https:\/\/diarioregionaldigital.com.br\/index.php?rest_route=\/wp\/v2\/posts\/87041","targetHints":{"allow":["GET"]}}],"collection":[{"href":"https:\/\/diarioregionaldigital.com.br\/index.php?rest_route=\/wp\/v2\/posts"}],"about":[{"href":"https:\/\/diarioregionaldigital.com.br\/index.php?rest_route=\/wp\/v2\/types\/post"}],"author":[{"embeddable":true,"href":"https:\/\/diarioregionaldigital.com.br\/index.php?rest_route=\/wp\/v2\/users\/96"}],"replies":[{"embeddable":true,"href":"https:\/\/diarioregionaldigital.com.br\/index.php?rest_route=%2Fwp%2Fv2%2Fcomments&post=87041"}],"version-history":[{"count":0,"href":"https:\/\/diarioregionaldigital.com.br\/index.php?rest_route=\/wp\/v2\/posts\/87041\/revisions"}],"wp:featuredmedia":[{"embeddable":true,"href":"https:\/\/diarioregionaldigital.com.br\/index.php?rest_route=\/wp\/v2\/media\/87040"}],"wp:attachment":[{"href":"https:\/\/diarioregionaldigital.com.br\/index.php?rest_route=%2Fwp%2Fv2%2Fmedia&parent=87041"}],"wp:term":[{"taxonomy":"category","embeddable":true,"href":"https:\/\/diarioregionaldigital.com.br\/index.php?rest_route=%2Fwp%2Fv2%2Fcategories&post=87041"},{"taxonomy":"post_tag","embeddable":true,"href":"https:\/\/diarioregionaldigital.com.br\/index.php?rest_route=%2Fwp%2Fv2%2Ftags&post=87041"}],"curies":[{"name":"wp","href":"https:\/\/api.w.org\/{rel}","templated":true}]}}