{"id":86958,"date":"2017-12-07T14:02:27","date_gmt":"2017-12-07T16:02:27","guid":{"rendered":"http:\/\/diarioregionaljf.com.br\/2017\/12\/07\/senado-aprova-aumento-do-repasse-da-uniao-para-os-municipios\/"},"modified":"2017-12-07T14:02:27","modified_gmt":"2017-12-07T16:02:27","slug":"senado-aprova-aumento-do-repasse-da-uniao-para-os-municipios","status":"publish","type":"post","link":"https:\/\/diarioregionaldigital.com.br\/?p=86958","title":{"rendered":"Senado aprova aumento do repasse da Uni\u00e3o para os munic\u00edpios"},"content":{"rendered":"<p>O Senado aprovou nessa quarta-feira, 6, a proposta de emenda \u00e0 Constitui\u00e7\u00e3o que aumenta o repasse da Uni\u00e3o \u00e0s prefeituras por meio do Fundo de Participa\u00e7\u00e3o dos Munic\u00edpios (FPM). Ap\u00f3s acordo, a vota\u00e7\u00e3o da PEC foi realizada em dois turnos, e segue agora para an\u00e1lise da C\u00e2mara dos Deputados.<\/p>\n<p>A PEC determina a eleva\u00e7\u00e3o de um ponto percentual no repasse entregue aos estados e munic\u00edpios, oriundo das arrecada\u00e7\u00f5es do Imposto de Renda (IR) e do Imposto sobre Produtos Industrializados (IPI). A distribui\u00e7\u00e3o dos recursos ser\u00e1 alterada de 49% para 50%, e o novo repasse ser\u00e1 feito em setembro de cada ano.<\/p>\n<p>De acordo com os defensores da proposta, os munic\u00edpios, historicamente, recebem os menores valores em setembro e outubro devido \u00e0 restitui\u00e7\u00e3o do Imposto de Renda dos contribuintes.<\/p>\n<p>Durante a vota\u00e7\u00e3o, o senador Otto Alencar (PSD-BA) fez um apelo para que os senadores comparecessem ao plen\u00e1rio para aprovar a proposta em defesa da pauta municipalista. \u201cSe n\u00f3s n\u00e3o aproveitarmos esta sess\u00e3o de hoje para aprovarmos essa PEC, que \u00e9 superimportante para os prefeitos do Brasil, n\u00f3s teremos perdido uma oportunidade, e vossa excel\u00eancia sabe, que os prefeitos passam dificuldades or\u00e7ament\u00e1rias muito grandes hoje, por falta de recursos\u201d, argumentou.<\/p>\n<p>No relat\u00f3rio em que defende a PEC, o senador Armando Monteiro (PTB-PE) citou as raz\u00f5es do aumento das despesas e da queda real na transfer\u00eancia do FPM para os munic\u00edpios, como pisos salariais de determinadas categorias e a retra\u00e7\u00e3o do Produto Interno Bruto entre 2014 e 2016.<\/p>\n<p>\u201cA sazonalidade dos repasses do fundo prejudica a gest\u00e3o administrativa dos munic\u00edpios, que n\u00e3o sabem se podem expandir a presta\u00e7\u00e3o de servi\u00e7os p\u00fablicos na aus\u00eancia de fontes est\u00e1veis de financiamento. A dificuldade em atender \u00e0 demanda da sociedade por mais e melhores servi\u00e7os \u00e9 ainda mais acentuada na atual conjuntura econ\u00f4mica, na qual, em face da redu\u00e7\u00e3o da renda familiar, as fam\u00edlias t\u00eam trocado a escola particular pela p\u00fablica e os planos de sa\u00fade pelos postos de sa\u00fade das prefeituras\u201d.<\/p>\n<p>A expectativa do relator \u00e9 de que o repasse seja de R$5,6 bilh\u00f5es em 2021, ao fim do aumento gradativo do fundo. Em 2016, a transfer\u00eancia aos munic\u00edpios no m\u00eas de setembro foi de R$4,1 bilh\u00f5es.<\/p>\n<p>Fonte: Ag\u00eancia Brasil<\/p>\n","protected":false},"excerpt":{"rendered":"<p>O Senado aprovou nessa quarta-feira, 6, a proposta de emenda \u00e0 Constitui\u00e7\u00e3o que aumenta o repasse da Uni\u00e3o \u00e0s prefeituras por meio do Fundo de Participa\u00e7\u00e3o dos Munic\u00edpios (FPM). Ap\u00f3s acordo, a vota\u00e7\u00e3o da PEC foi realizada em dois turnos, e segue agora para an\u00e1lise da C\u00e2mara dos Deputados. A PEC determina a eleva\u00e7\u00e3o de [&hellip;]<\/p>\n","protected":false},"author":96,"featured_media":86957,"comment_status":"closed","ping_status":"closed","sticky":false,"template":"","format":"standard","meta":{"footnotes":""},"categories":[254],"tags":[],"class_list":["post-86958","post","type-post","status-publish","format-standard","has-post-thumbnail","hentry","category-politica"],"_links":{"self":[{"href":"https:\/\/diarioregionaldigital.com.br\/index.php?rest_route=\/wp\/v2\/posts\/86958","targetHints":{"allow":["GET"]}}],"collection":[{"href":"https:\/\/diarioregionaldigital.com.br\/index.php?rest_route=\/wp\/v2\/posts"}],"about":[{"href":"https:\/\/diarioregionaldigital.com.br\/index.php?rest_route=\/wp\/v2\/types\/post"}],"author":[{"embeddable":true,"href":"https:\/\/diarioregionaldigital.com.br\/index.php?rest_route=\/wp\/v2\/users\/96"}],"replies":[{"embeddable":true,"href":"https:\/\/diarioregionaldigital.com.br\/index.php?rest_route=%2Fwp%2Fv2%2Fcomments&post=86958"}],"version-history":[{"count":0,"href":"https:\/\/diarioregionaldigital.com.br\/index.php?rest_route=\/wp\/v2\/posts\/86958\/revisions"}],"wp:featuredmedia":[{"embeddable":true,"href":"https:\/\/diarioregionaldigital.com.br\/index.php?rest_route=\/wp\/v2\/media\/86957"}],"wp:attachment":[{"href":"https:\/\/diarioregionaldigital.com.br\/index.php?rest_route=%2Fwp%2Fv2%2Fmedia&parent=86958"}],"wp:term":[{"taxonomy":"category","embeddable":true,"href":"https:\/\/diarioregionaldigital.com.br\/index.php?rest_route=%2Fwp%2Fv2%2Fcategories&post=86958"},{"taxonomy":"post_tag","embeddable":true,"href":"https:\/\/diarioregionaldigital.com.br\/index.php?rest_route=%2Fwp%2Fv2%2Ftags&post=86958"}],"curies":[{"name":"wp","href":"https:\/\/api.w.org\/{rel}","templated":true}]}}