{"id":86956,"date":"2017-12-07T13:59:28","date_gmt":"2017-12-07T15:59:28","guid":{"rendered":"http:\/\/diarioregionaljf.com.br\/2017\/12\/07\/fachin-determina-bloqueio-de-r-13-milhoes-e-abre-novo-inquerito-contra-geddel\/"},"modified":"2017-12-07T13:59:28","modified_gmt":"2017-12-07T15:59:28","slug":"fachin-determina-bloqueio-de-r-13-milhoes-e-abre-novo-inquerito-contra-geddel","status":"publish","type":"post","link":"https:\/\/diarioregionaldigital.com.br\/?p=86956","title":{"rendered":"Fachin determina bloqueio de R$13 milh\u00f5es e abre novo inqu\u00e9rito contra Geddel"},"content":{"rendered":"<p>O ministro do Supremo Tribunal Federal (STF) Edson Fachin determinou nessa quarta-feira, 6, o bloqueio de R$13 milh\u00f5es de empresas ligadas \u00e0 fam\u00edlia do ex-ministro Geddel Vieira Lima.<\/p>\n<p>Na mesma decis\u00e3o, o ministro determinou abertura de novo inqu\u00e9rito contra Vieira Lima pelo crime de peculato, relacionado \u00e0 apreens\u00e3o, pela Pol\u00edcia Federal (PF), dos R$51 milh\u00f5es em um apartamento em Salvador.<\/p>\n<p>A decis\u00e3o atinge Geddel Vieira Lima, os dois irm\u00e3os dele, Afr\u00edsio Vieira Lima Filho e o deputado federal L\u00facio Vieira Lima (PMDB-BA), e a matriarca, Marluce. A decis\u00e3o foi motivada por medidas cautelares que foram solicitadas pela Procuradoria-Geral da Rep\u00fablica (PGR),ap\u00f3s a den\u00fancia enviada \u00e0 Corte contra todos os acusados.<\/p>\n<p>Na segunda-feira, 4, a PGR denunciou a fam\u00edlia Viera Lima por lavagem de dinheiro e associa\u00e7\u00e3o criminosa. Tamb\u00e9m foram denunciados pelos mesmos crimes a m\u00e3e de Geddel e um ex-assessor do deputado, Job Brand\u00e3o.<\/p>\n<p>Geddel foi preso no dia 8 de setembro, tr\u00eas dias depois que a PF encontrou o dinheiro no apartamento de um amigo do pol\u00edtico. Os valores apreendidos foram depositados em conta judicial.<\/p>\n<p>Segundo a Pol\u00edcia Federal, parte do dinheiro seria resultante de um esquema de fraude na libera\u00e7\u00e3o de cr\u00e9ditos da Caixa Econ\u00f4mica Federal no per\u00edodo entre 2011 e 2013, quando Geddel era vice-presidente de Pessoa Jur\u00eddica da institui\u00e7\u00e3o.<\/p>\n<p>Fonte: Ag\u00eancia Brasil<\/p>\n","protected":false},"excerpt":{"rendered":"<p>O ministro do Supremo Tribunal Federal (STF) Edson Fachin determinou nessa quarta-feira, 6, o bloqueio de R$13 milh\u00f5es de empresas ligadas \u00e0 fam\u00edlia do ex-ministro Geddel Vieira Lima. Na mesma decis\u00e3o, o ministro determinou abertura de novo inqu\u00e9rito contra Vieira Lima pelo crime de peculato, relacionado \u00e0 apreens\u00e3o, pela Pol\u00edcia Federal (PF), dos R$51 milh\u00f5es [&hellip;]<\/p>\n","protected":false},"author":96,"featured_media":86955,"comment_status":"closed","ping_status":"closed","sticky":false,"template":"","format":"standard","meta":{"footnotes":""},"categories":[254],"tags":[],"class_list":["post-86956","post","type-post","status-publish","format-standard","has-post-thumbnail","hentry","category-politica"],"_links":{"self":[{"href":"https:\/\/diarioregionaldigital.com.br\/index.php?rest_route=\/wp\/v2\/posts\/86956","targetHints":{"allow":["GET"]}}],"collection":[{"href":"https:\/\/diarioregionaldigital.com.br\/index.php?rest_route=\/wp\/v2\/posts"}],"about":[{"href":"https:\/\/diarioregionaldigital.com.br\/index.php?rest_route=\/wp\/v2\/types\/post"}],"author":[{"embeddable":true,"href":"https:\/\/diarioregionaldigital.com.br\/index.php?rest_route=\/wp\/v2\/users\/96"}],"replies":[{"embeddable":true,"href":"https:\/\/diarioregionaldigital.com.br\/index.php?rest_route=%2Fwp%2Fv2%2Fcomments&post=86956"}],"version-history":[{"count":0,"href":"https:\/\/diarioregionaldigital.com.br\/index.php?rest_route=\/wp\/v2\/posts\/86956\/revisions"}],"wp:featuredmedia":[{"embeddable":true,"href":"https:\/\/diarioregionaldigital.com.br\/index.php?rest_route=\/wp\/v2\/media\/86955"}],"wp:attachment":[{"href":"https:\/\/diarioregionaldigital.com.br\/index.php?rest_route=%2Fwp%2Fv2%2Fmedia&parent=86956"}],"wp:term":[{"taxonomy":"category","embeddable":true,"href":"https:\/\/diarioregionaldigital.com.br\/index.php?rest_route=%2Fwp%2Fv2%2Fcategories&post=86956"},{"taxonomy":"post_tag","embeddable":true,"href":"https:\/\/diarioregionaldigital.com.br\/index.php?rest_route=%2Fwp%2Fv2%2Ftags&post=86956"}],"curies":[{"name":"wp","href":"https:\/\/api.w.org\/{rel}","templated":true}]}}