{"id":86954,"date":"2017-12-07T13:56:31","date_gmt":"2017-12-07T15:56:31","guid":{"rendered":"http:\/\/diarioregionaljf.com.br\/2017\/12\/07\/camara-aumenta-pena-para-motorista-alcoolizado-que-provocar-acidente-com-morte\/"},"modified":"2017-12-07T13:56:31","modified_gmt":"2017-12-07T15:56:31","slug":"camara-aumenta-pena-para-motorista-alcoolizado-que-provocar-acidente-com-morte","status":"publish","type":"post","link":"https:\/\/diarioregionaldigital.com.br\/?p=86954","title":{"rendered":"C\u00e2mara aumenta pena para motorista alcoolizado que provocar acidente com morte"},"content":{"rendered":"<p>A C\u00e2mara dos Deputados aprovou nessa quarta-feira, 6, o aumento da pena para motoristas sob efeito de \u00e1lcool ou drogas que provocar acidente com morte. Pelo texto, a puni\u00e7\u00e3o para o crime ser\u00e1 de reclus\u00e3o de cinco a oito anos. O Projeto de Lei 5568\/13, de autoria da deputada Keiko Ota (PSB-SP), j\u00e1 passou pelo Senado e agora segue para san\u00e7\u00e3o presidencial.<\/p>\n<p>O texto original da C\u00e2mara, aprovado em setembro de 2015, estabelecia pena de deten\u00e7\u00e3o de dois a quatro anos. Com o prazo alterado pelo Senado, a mat\u00e9ria precisou retornar para vota\u00e7\u00e3o pelos deputados. A atual penalidade administrativa de suspens\u00e3o ou proibi\u00e7\u00e3o de se obter a permiss\u00e3o ou a habilita\u00e7\u00e3o para dirigir ve\u00edculo automotor continua valendo.<\/p>\n<p>No plen\u00e1rio, os deputados rejeitaram duas altera\u00e7\u00f5es ao texto feitas pelo Senado, uma delas a que acabava com o limite m\u00e1ximo de \u00e1lcool a partir do qual o condutor flagrado pode ser condenado a pena de deten\u00e7\u00e3o de seis meses a tr\u00eas anos, multa e suspens\u00e3o da carteira ou proibi\u00e7\u00e3o de obt\u00ea-la. Atualmente, \u00e9 prevista pena para o condutor flagrado dirigindo com concentra\u00e7\u00e3o igual ou superior a 6 decigramas de \u00e1lcool por litro de sangue ou igual ou superior a 0,3 miligrama de \u00e1lcool por litro de ar nos pulm\u00f5es.<\/p>\n<p>As novas regras entrar\u00e3o em vigor ap\u00f3s 120 dias da publica\u00e7\u00e3o da lei.<\/p>\n<p>Fonte: Ag\u00eancia Brasil<\/p>\n","protected":false},"excerpt":{"rendered":"<p>A C\u00e2mara dos Deputados aprovou nessa quarta-feira, 6, o aumento da pena para motoristas sob efeito de \u00e1lcool ou drogas que provocar acidente com morte. Pelo texto, a puni\u00e7\u00e3o para o crime ser\u00e1 de reclus\u00e3o de cinco a oito anos. O Projeto de Lei 5568\/13, de autoria da deputada Keiko Ota (PSB-SP), j\u00e1 passou pelo [&hellip;]<\/p>\n","protected":false},"author":96,"featured_media":86953,"comment_status":"closed","ping_status":"closed","sticky":false,"template":"","format":"standard","meta":{"footnotes":""},"categories":[254],"tags":[],"class_list":["post-86954","post","type-post","status-publish","format-standard","has-post-thumbnail","hentry","category-politica"],"_links":{"self":[{"href":"https:\/\/diarioregionaldigital.com.br\/index.php?rest_route=\/wp\/v2\/posts\/86954","targetHints":{"allow":["GET"]}}],"collection":[{"href":"https:\/\/diarioregionaldigital.com.br\/index.php?rest_route=\/wp\/v2\/posts"}],"about":[{"href":"https:\/\/diarioregionaldigital.com.br\/index.php?rest_route=\/wp\/v2\/types\/post"}],"author":[{"embeddable":true,"href":"https:\/\/diarioregionaldigital.com.br\/index.php?rest_route=\/wp\/v2\/users\/96"}],"replies":[{"embeddable":true,"href":"https:\/\/diarioregionaldigital.com.br\/index.php?rest_route=%2Fwp%2Fv2%2Fcomments&post=86954"}],"version-history":[{"count":0,"href":"https:\/\/diarioregionaldigital.com.br\/index.php?rest_route=\/wp\/v2\/posts\/86954\/revisions"}],"wp:featuredmedia":[{"embeddable":true,"href":"https:\/\/diarioregionaldigital.com.br\/index.php?rest_route=\/wp\/v2\/media\/86953"}],"wp:attachment":[{"href":"https:\/\/diarioregionaldigital.com.br\/index.php?rest_route=%2Fwp%2Fv2%2Fmedia&parent=86954"}],"wp:term":[{"taxonomy":"category","embeddable":true,"href":"https:\/\/diarioregionaldigital.com.br\/index.php?rest_route=%2Fwp%2Fv2%2Fcategories&post=86954"},{"taxonomy":"post_tag","embeddable":true,"href":"https:\/\/diarioregionaldigital.com.br\/index.php?rest_route=%2Fwp%2Fv2%2Ftags&post=86954"}],"curies":[{"name":"wp","href":"https:\/\/api.w.org\/{rel}","templated":true}]}}