{"id":86952,"date":"2017-12-07T13:53:18","date_gmt":"2017-12-07T15:53:18","guid":{"rendered":"http:\/\/diarioregionaljf.com.br\/2017\/12\/07\/ministro-do-stf-revoga-prisao-domiciliar-de-irma-e-primo-de-aecio-neves\/"},"modified":"2017-12-07T13:53:18","modified_gmt":"2017-12-07T15:53:18","slug":"ministro-do-stf-revoga-prisao-domiciliar-de-irma-e-primo-de-aecio-neves","status":"publish","type":"post","link":"https:\/\/diarioregionaldigital.com.br\/?p=86952","title":{"rendered":"Ministro do STF revoga pris\u00e3o domiciliar de irm\u00e3 e primo de A\u00e9cio Neves"},"content":{"rendered":"<p>O ministro Marco Aur\u00e9lio Melo, do Supremo Tribunal Federal (STF), revogou a pris\u00e3o domiciliar de Andr\u00e9a Neves, irm\u00e3 do senador A\u00e9cio Neves (PSDB-MG), bem como do primo do senador, Frederico Pacheco.<\/p>\n<p>O ex-assessor parlamentar Mendherson de Souza Lima tamb\u00e9m teve revogada sua pris\u00e3o domiciliar. O tr\u00eas foram denunciados junto com A\u00e9cio Neves por corrup\u00e7\u00e3o passiva, organiza\u00e7\u00e3o criminosa, lavagem de dinheiro e tentativa de obstruir investiga\u00e7\u00f5es.<\/p>\n<p>O inqu\u00e9rito \u00e9 decorrente da dela\u00e7\u00e3o premiada do empres\u00e1rio Joesley Batista, dono da JBS.<\/p>\n<p>Al\u00e9m de n\u00e3o ficarem mais presos em casa, os tr\u00eas tiveram revogadas todas as outras medidas cautelares que pesavam sobre eles, incluindo o uso de tornozeleira eletr\u00f4nica, a proibi\u00e7\u00e3o de deixar o pa\u00eds e de se comunicar com outros investigados.<\/p>\n<p>Marco Aur\u00e9lio atendeu a pedidos feitos pelas defesas de Mendherson e Frederico Pacheco, que alegaram dura\u00e7\u00e3o exagerada das medidas cautelares, mesmo ap\u00f3s a apresenta\u00e7\u00e3o de den\u00fancia contra eles. O ministro estendeu sua decis\u00e3o, liberando tamb\u00e9m Andr\u00e9a Neves.<\/p>\n<p>&nbsp;<\/p>\n<h4>INQU\u00c9RITO<\/h4>\n<p>O inqu\u00e9rito apura o pedido, feito por A\u00e9cio Neves a Joesley Batista, de R$2 milh\u00f5es para pagar advogados. Para a procuradoria-geral da Rep\u00fablica, o dinheiro teria sido solicitado em troca de atua\u00e7\u00e3o pol\u00edtica a favor da JBS. O senador nega e diz n\u00e3o haver ilegalidade, tratando-se de um empr\u00e9stimo pessoal.<\/p>\n<p>Andrea, Mendherson e Frederico Pacheco seriam intermedi\u00e1rios no esquema. Os tr\u00eas chegaram a ser presos em regime fechado, mas estavam em pris\u00e3o domiciliar desde junho.<\/p>\n<p>A\u00e9cio Neves tamb\u00e9m foi alvo de medidas cautelares, como o recolhimento noturno, impostas pela Primeira Turma do STF, em decorr\u00eancia do mesmo inqu\u00e9rito, mas as cautelares contra o senador foram depois revertidas pelo plen\u00e1rio do Senado.<\/p>\n<p>Fonte: Ag\u00eancia Brasil<\/p>\n","protected":false},"excerpt":{"rendered":"<p>O ministro Marco Aur\u00e9lio Melo, do Supremo Tribunal Federal (STF), revogou a pris\u00e3o domiciliar de Andr\u00e9a Neves, irm\u00e3 do senador A\u00e9cio Neves (PSDB-MG), bem como do primo do senador, Frederico Pacheco. O ex-assessor parlamentar Mendherson de Souza Lima tamb\u00e9m teve revogada sua pris\u00e3o domiciliar. O tr\u00eas foram denunciados junto com A\u00e9cio Neves por corrup\u00e7\u00e3o passiva, [&hellip;]<\/p>\n","protected":false},"author":96,"featured_media":86951,"comment_status":"closed","ping_status":"closed","sticky":false,"template":"","format":"standard","meta":{"footnotes":""},"categories":[254],"tags":[],"class_list":["post-86952","post","type-post","status-publish","format-standard","has-post-thumbnail","hentry","category-politica"],"_links":{"self":[{"href":"https:\/\/diarioregionaldigital.com.br\/index.php?rest_route=\/wp\/v2\/posts\/86952","targetHints":{"allow":["GET"]}}],"collection":[{"href":"https:\/\/diarioregionaldigital.com.br\/index.php?rest_route=\/wp\/v2\/posts"}],"about":[{"href":"https:\/\/diarioregionaldigital.com.br\/index.php?rest_route=\/wp\/v2\/types\/post"}],"author":[{"embeddable":true,"href":"https:\/\/diarioregionaldigital.com.br\/index.php?rest_route=\/wp\/v2\/users\/96"}],"replies":[{"embeddable":true,"href":"https:\/\/diarioregionaldigital.com.br\/index.php?rest_route=%2Fwp%2Fv2%2Fcomments&post=86952"}],"version-history":[{"count":0,"href":"https:\/\/diarioregionaldigital.com.br\/index.php?rest_route=\/wp\/v2\/posts\/86952\/revisions"}],"wp:featuredmedia":[{"embeddable":true,"href":"https:\/\/diarioregionaldigital.com.br\/index.php?rest_route=\/wp\/v2\/media\/86951"}],"wp:attachment":[{"href":"https:\/\/diarioregionaldigital.com.br\/index.php?rest_route=%2Fwp%2Fv2%2Fmedia&parent=86952"}],"wp:term":[{"taxonomy":"category","embeddable":true,"href":"https:\/\/diarioregionaldigital.com.br\/index.php?rest_route=%2Fwp%2Fv2%2Fcategories&post=86952"},{"taxonomy":"post_tag","embeddable":true,"href":"https:\/\/diarioregionaldigital.com.br\/index.php?rest_route=%2Fwp%2Fv2%2Ftags&post=86952"}],"curies":[{"name":"wp","href":"https:\/\/api.w.org\/{rel}","templated":true}]}}