{"id":86948,"date":"2017-12-07T13:43:43","date_gmt":"2017-12-07T15:43:43","guid":{"rendered":"http:\/\/diarioregionaljf.com.br\/2017\/12\/07\/apos-prisao-de-rogerio-157-rocinha-tem-noite-de-tiroteio-e-mortes\/"},"modified":"2017-12-07T13:43:43","modified_gmt":"2017-12-07T15:43:43","slug":"apos-prisao-de-rogerio-157-rocinha-tem-noite-de-tiroteio-e-mortes","status":"publish","type":"post","link":"https:\/\/diarioregionaldigital.com.br\/?p=86948","title":{"rendered":"Ap\u00f3s pris\u00e3o de Rog\u00e9rio 157, Rocinha tem noite de tiroteio e mortes"},"content":{"rendered":"<p>Depois da pris\u00e3o do chefe do tr\u00e1fico da Rocinha, Rog\u00e9rio Avelino da Silva, o Rog\u00e9rio 157, durante a\u00e7\u00e3o policial no Parque Arar\u00e1, na zona norte do Rio, nessa quarta-feira, 6, a favela vive clima de tens\u00e3o, tiroteio e mortes desde a noite de ontem.<\/p>\n<p>A seguran\u00e7a foi refor\u00e7ada na comunidade, onde dois traficantes morreram, nessa quarta-feira \u00e0 noite, ap\u00f3s troca de tiros entre policiais do Batalh\u00e3o de Opera\u00e7\u00f5es Especiais (Bope) e do Batalh\u00e3o de Choque. Segundo relatos, os policiais faziam uma opera\u00e7\u00e3o na favela, quando entraram em confronto com criminosos na altura da Rua 2.<\/p>\n<p>Eles foram levados para o Hospital Miguel Couto, mas j\u00e1 chegaram mortos. Os nomes dos dois n\u00e3o foram divulgados pela pol\u00edcia, que fez buscas na regi\u00e3o e apreendeu duas pistolas, uma granada, farta muni\u00e7\u00e3o e cerca de 35 quilos de maconha.<\/p>\n<p>O policiamento continua refor\u00e7ado nessa quinta-feira, 7, na favela, uma das maiores da Am\u00e9rica Latina. Os confrontos voltaram a se intensificar e a pol\u00edcia n\u00e3o descarta a possibilidade de uma retomada da disputa entre fac\u00e7\u00f5es rivais pelo controle dos pontos de venda de entorpecentes.<\/p>\n<p>&nbsp;<\/p>\n<h4>ROG\u00c9RIO 157<\/h4>\n<p>O chefe do trafico na Favela da Rocinha, Rog\u00e9rio Avelino da Silva, est\u00e1 preso no Complexo Penitenci\u00e1rio de Gericin\u00f3, em Bangu, na zona oeste da cidade. A Secretaria de Seguran\u00e7a acredita que conseguir\u00e1 autoriza\u00e7\u00e3o do Departamento Penitenci\u00e1rio (Depen), do Minist\u00e9rio da Justi\u00e7a, para que o traficante seja transferido ainda hoje a um pres\u00eddio federal fora do Rio. Ele foi levado ontem para Gericin\u00f3, depois de ter prestado depoimento na Cidade da Pol\u00edcia.<\/p>\n<p>A Secretaria de Seguran\u00e7a deve encaminhar of\u00edcio ao Tribunal de Justi\u00e7a do Rio solicitando a transfer\u00eancia.<\/p>\n<p>Fonte: Ag\u00eancia Brasil<\/p>\n","protected":false},"excerpt":{"rendered":"<p>Depois da pris\u00e3o do chefe do tr\u00e1fico da Rocinha, Rog\u00e9rio Avelino da Silva, o Rog\u00e9rio 157, durante a\u00e7\u00e3o policial no Parque Arar\u00e1, na zona norte do Rio, nessa quarta-feira, 6, a favela vive clima de tens\u00e3o, tiroteio e mortes desde a noite de ontem. A seguran\u00e7a foi refor\u00e7ada na comunidade, onde dois traficantes morreram, nessa [&hellip;]<\/p>\n","protected":false},"author":96,"featured_media":86947,"comment_status":"closed","ping_status":"closed","sticky":false,"template":"","format":"standard","meta":{"footnotes":""},"categories":[302],"tags":[],"class_list":["post-86948","post","type-post","status-publish","format-standard","has-post-thumbnail","hentry","category-brasil-mundo"],"_links":{"self":[{"href":"https:\/\/diarioregionaldigital.com.br\/index.php?rest_route=\/wp\/v2\/posts\/86948","targetHints":{"allow":["GET"]}}],"collection":[{"href":"https:\/\/diarioregionaldigital.com.br\/index.php?rest_route=\/wp\/v2\/posts"}],"about":[{"href":"https:\/\/diarioregionaldigital.com.br\/index.php?rest_route=\/wp\/v2\/types\/post"}],"author":[{"embeddable":true,"href":"https:\/\/diarioregionaldigital.com.br\/index.php?rest_route=\/wp\/v2\/users\/96"}],"replies":[{"embeddable":true,"href":"https:\/\/diarioregionaldigital.com.br\/index.php?rest_route=%2Fwp%2Fv2%2Fcomments&post=86948"}],"version-history":[{"count":0,"href":"https:\/\/diarioregionaldigital.com.br\/index.php?rest_route=\/wp\/v2\/posts\/86948\/revisions"}],"wp:featuredmedia":[{"embeddable":true,"href":"https:\/\/diarioregionaldigital.com.br\/index.php?rest_route=\/wp\/v2\/media\/86947"}],"wp:attachment":[{"href":"https:\/\/diarioregionaldigital.com.br\/index.php?rest_route=%2Fwp%2Fv2%2Fmedia&parent=86948"}],"wp:term":[{"taxonomy":"category","embeddable":true,"href":"https:\/\/diarioregionaldigital.com.br\/index.php?rest_route=%2Fwp%2Fv2%2Fcategories&post=86948"},{"taxonomy":"post_tag","embeddable":true,"href":"https:\/\/diarioregionaldigital.com.br\/index.php?rest_route=%2Fwp%2Fv2%2Ftags&post=86948"}],"curies":[{"name":"wp","href":"https:\/\/api.w.org\/{rel}","templated":true}]}}