{"id":86946,"date":"2017-12-07T13:39:58","date_gmt":"2017-12-07T15:39:58","guid":{"rendered":"http:\/\/diarioregionaljf.com.br\/2017\/12\/07\/luiz-fux-e-eleito-para-substituir-gilmar-mendes-na-presidencia-do-tse\/"},"modified":"2017-12-07T13:39:58","modified_gmt":"2017-12-07T15:39:58","slug":"luiz-fux-e-eleito-para-substituir-gilmar-mendes-na-presidencia-do-tse","status":"publish","type":"post","link":"https:\/\/diarioregionaldigital.com.br\/?p=86946","title":{"rendered":"Luiz Fux \u00e9 eleito para substituir Gilmar Mendes na presid\u00eancia do TSE"},"content":{"rendered":"<p>O ministro Luiz Fux, do Supremo Tribunal Federal (STF), foi eleito nessa quinta-feira, 7, para ser o pr\u00f3ximo presidente do Tribunal Superior Eleitoral (TSE). Ele assumir\u00e1 o cargo, no ano que vem, no lugar de Gilmar Mendes, que deixar\u00e1 o comando da Corte Eleitoral no dia 14 de fevereiro.<\/p>\n<p>A elei\u00e7\u00e3o, realizada na sess\u00e3o ordin\u00e1ria do TSE dessa quinta, foi por unanimidade. O processo, por\u00e9m, \u00e9 uma formalidade, uma vez que, tradicionalmente, sempre \u00e9 eleito para presidir a Corte Eleitoral o ministro do STF mais antigo no TSE que ainda n\u00e3o tenha ocupado a presid\u00eancia.<\/p>\n<p>Ap\u00f3s ser eleito, Fux descreveu como \u201cespinhosa\u201d a tarefa de comandar o TSE e substituir Gilmar Mendes. \u201cPara mim \u00e9 um momento de muita emo\u00e7\u00e3o, porque eu sou juiz de carreira e Deus me permitiu cumprir todas as etapas da minha carreira, inclusive essa no Tribunal Superior Eleitoral\u201d, disse.<\/p>\n<p>Fux, no entanto, n\u00e3o ficar\u00e1 no cargo durante a elei\u00e7\u00e3o presidencial do ano que vem, pois seu mandato no TSE se encerra em agosto, portanto antes do pleito. A ministra Rosa Weber \u00e9 a pr\u00f3xima na fila para assumir a presid\u00eancia da Corte Eleitoral.<\/p>\n<p>De acordo com o Artigo 119 da Constitui\u00e7\u00e3o, o TSE \u00e9 composto por tr\u00eas ministros indicados pelo STF, dois ministros do Superior Tribunal de Justi\u00e7a (STJ) e dois juristas de not\u00f3rio saber indicados pelo presidente da Rep\u00fablica. Os mandatos s\u00e3o de dois anos, renov\u00e1veis.<\/p>\n<p>Ao deixar o TSE em fevereiro, Gilmar Mendes ser\u00e1 substitu\u00eddo por Lu\u00eds Roberto Barroso. Em agosto, Fux ser\u00e1 substitu\u00eddo por Edson Fachin.<\/p>\n<p>Fonte: Ag\u00eancia Brasil<\/p>\n","protected":false},"excerpt":{"rendered":"<p>O ministro Luiz Fux, do Supremo Tribunal Federal (STF), foi eleito nessa quinta-feira, 7, para ser o pr\u00f3ximo presidente do Tribunal Superior Eleitoral (TSE). Ele assumir\u00e1 o cargo, no ano que vem, no lugar de Gilmar Mendes, que deixar\u00e1 o comando da Corte Eleitoral no dia 14 de fevereiro. A elei\u00e7\u00e3o, realizada na sess\u00e3o ordin\u00e1ria [&hellip;]<\/p>\n","protected":false},"author":96,"featured_media":86945,"comment_status":"closed","ping_status":"closed","sticky":false,"template":"","format":"standard","meta":{"footnotes":""},"categories":[302],"tags":[],"class_list":["post-86946","post","type-post","status-publish","format-standard","has-post-thumbnail","hentry","category-brasil-mundo"],"_links":{"self":[{"href":"https:\/\/diarioregionaldigital.com.br\/index.php?rest_route=\/wp\/v2\/posts\/86946","targetHints":{"allow":["GET"]}}],"collection":[{"href":"https:\/\/diarioregionaldigital.com.br\/index.php?rest_route=\/wp\/v2\/posts"}],"about":[{"href":"https:\/\/diarioregionaldigital.com.br\/index.php?rest_route=\/wp\/v2\/types\/post"}],"author":[{"embeddable":true,"href":"https:\/\/diarioregionaldigital.com.br\/index.php?rest_route=\/wp\/v2\/users\/96"}],"replies":[{"embeddable":true,"href":"https:\/\/diarioregionaldigital.com.br\/index.php?rest_route=%2Fwp%2Fv2%2Fcomments&post=86946"}],"version-history":[{"count":0,"href":"https:\/\/diarioregionaldigital.com.br\/index.php?rest_route=\/wp\/v2\/posts\/86946\/revisions"}],"wp:featuredmedia":[{"embeddable":true,"href":"https:\/\/diarioregionaldigital.com.br\/index.php?rest_route=\/wp\/v2\/media\/86945"}],"wp:attachment":[{"href":"https:\/\/diarioregionaldigital.com.br\/index.php?rest_route=%2Fwp%2Fv2%2Fmedia&parent=86946"}],"wp:term":[{"taxonomy":"category","embeddable":true,"href":"https:\/\/diarioregionaldigital.com.br\/index.php?rest_route=%2Fwp%2Fv2%2Fcategories&post=86946"},{"taxonomy":"post_tag","embeddable":true,"href":"https:\/\/diarioregionaldigital.com.br\/index.php?rest_route=%2Fwp%2Fv2%2Ftags&post=86946"}],"curies":[{"name":"wp","href":"https:\/\/api.w.org\/{rel}","templated":true}]}}