{"id":86944,"date":"2017-12-07T13:32:23","date_gmt":"2017-12-07T15:32:23","guid":{"rendered":"http:\/\/diarioregionaljf.com.br\/2017\/12\/07\/putin-diz-que-buscara-novo-mandato-presidencial-em-2018\/"},"modified":"2017-12-07T13:32:23","modified_gmt":"2017-12-07T15:32:23","slug":"putin-diz-que-buscara-novo-mandato-presidencial-em-2018","status":"publish","type":"post","link":"https:\/\/diarioregionaldigital.com.br\/?p=86944","title":{"rendered":"Putin diz que buscar\u00e1 novo mandato presidencial em 2018"},"content":{"rendered":"<p>O presidente da R\u00fassia, Vladimir Putin, anunciou nessa quarta-feira, 6, que buscar\u00e1 a reelei\u00e7\u00e3o em mar\u00e7o de 2018, \u00e0 medida que pesquisas de opini\u00e3o indicam que ele ganhar\u00e1 a vota\u00e7\u00e3o facilmente, estabelecendo a base para que ele estenda seu dom\u00ednio sobre o cen\u00e1rio pol\u00edtico russo por uma terceira d\u00e9cada. A informa\u00e7\u00e3o \u00e9 da Reuters.<\/p>\n<p>Putin, de 65 anos, tem estado no poder na R\u00fassia, como presidente ou primeiro-ministro, desde o ano 2000. Se conquistar o que seria seu quarto mandato em mar\u00e7o, Putin serviria por outros seis anos at\u00e9 2024, quando far\u00e1 72 anos.<\/p>\n<p>&#8220;Eu apresentarei minha candidatura para o posto de presidente da Federa\u00e7\u00e3o Russa. N\u00e3o h\u00e1 melhor lugar [do que esse] ou oportunidade para apresentar minha candidatura. Tenho certeza que tudo dar\u00e1 certo para n\u00f3s,&#8221; disse Putin a um p\u00fablico de trabalhadores em uma f\u00e1brica de autom\u00f3veis na cidade de Nizhny Novgorod.<\/p>\n<p>O l\u00edder russo \u00e9 definido por aliados como uma figura de pai da na\u00e7\u00e3o, que restaurou o orgulho nacional e expandiu a influ\u00eancia global de Moscou com interven\u00e7\u00f5es na S\u00edria e na Ucr\u00e2nia. Seus cr\u00edticos o acusam de supervisionar um sistema autorit\u00e1rio corrupto e de anexar ilegalmente a regi\u00e3o ucraniana da Crimeia, um passo que isolou a R\u00fassia no cen\u00e1rio internacional.<\/p>\n<p>Fonte: Ag\u00eancia Brasil<\/p>\n","protected":false},"excerpt":{"rendered":"<p>O presidente da R\u00fassia, Vladimir Putin, anunciou nessa quarta-feira, 6, que buscar\u00e1 a reelei\u00e7\u00e3o em mar\u00e7o de 2018, \u00e0 medida que pesquisas de opini\u00e3o indicam que ele ganhar\u00e1 a vota\u00e7\u00e3o facilmente, estabelecendo a base para que ele estenda seu dom\u00ednio sobre o cen\u00e1rio pol\u00edtico russo por uma terceira d\u00e9cada. A informa\u00e7\u00e3o \u00e9 da Reuters. Putin, [&hellip;]<\/p>\n","protected":false},"author":96,"featured_media":86943,"comment_status":"closed","ping_status":"closed","sticky":false,"template":"","format":"standard","meta":{"footnotes":""},"categories":[302],"tags":[],"class_list":["post-86944","post","type-post","status-publish","format-standard","has-post-thumbnail","hentry","category-brasil-mundo"],"_links":{"self":[{"href":"https:\/\/diarioregionaldigital.com.br\/index.php?rest_route=\/wp\/v2\/posts\/86944","targetHints":{"allow":["GET"]}}],"collection":[{"href":"https:\/\/diarioregionaldigital.com.br\/index.php?rest_route=\/wp\/v2\/posts"}],"about":[{"href":"https:\/\/diarioregionaldigital.com.br\/index.php?rest_route=\/wp\/v2\/types\/post"}],"author":[{"embeddable":true,"href":"https:\/\/diarioregionaldigital.com.br\/index.php?rest_route=\/wp\/v2\/users\/96"}],"replies":[{"embeddable":true,"href":"https:\/\/diarioregionaldigital.com.br\/index.php?rest_route=%2Fwp%2Fv2%2Fcomments&post=86944"}],"version-history":[{"count":0,"href":"https:\/\/diarioregionaldigital.com.br\/index.php?rest_route=\/wp\/v2\/posts\/86944\/revisions"}],"wp:featuredmedia":[{"embeddable":true,"href":"https:\/\/diarioregionaldigital.com.br\/index.php?rest_route=\/wp\/v2\/media\/86943"}],"wp:attachment":[{"href":"https:\/\/diarioregionaldigital.com.br\/index.php?rest_route=%2Fwp%2Fv2%2Fmedia&parent=86944"}],"wp:term":[{"taxonomy":"category","embeddable":true,"href":"https:\/\/diarioregionaldigital.com.br\/index.php?rest_route=%2Fwp%2Fv2%2Fcategories&post=86944"},{"taxonomy":"post_tag","embeddable":true,"href":"https:\/\/diarioregionaldigital.com.br\/index.php?rest_route=%2Fwp%2Fv2%2Ftags&post=86944"}],"curies":[{"name":"wp","href":"https:\/\/api.w.org\/{rel}","templated":true}]}}