{"id":86940,"date":"2017-12-07T13:23:09","date_gmt":"2017-12-07T15:23:09","guid":{"rendered":"http:\/\/diarioregionaljf.com.br\/2017\/12\/07\/trump-confirma-que-eua-reconhecem-jerusalem-como-capital-de-israel\/"},"modified":"2017-12-07T13:23:09","modified_gmt":"2017-12-07T15:23:09","slug":"trump-confirma-que-eua-reconhecem-jerusalem-como-capital-de-israel","status":"publish","type":"post","link":"https:\/\/diarioregionaldigital.com.br\/?p=86940","title":{"rendered":"Trump confirma que EUA reconhecem Jerusal\u00e9m como capital de Israel"},"content":{"rendered":"<p>O presidente dos Estados Unidos, Donald Trump, confirmou nessa quarta-feira, 6, que seu pa\u00eds reconhecer\u00e1 Jerusal\u00e9m, a partir de agora, como capital de Israel, uma medida que promete gerar tens\u00f5es no Oriente M\u00e9dio e reduzir as possibilidades de um processo de paz entre israelenses e palestinos. As informa\u00e7\u00f5es s\u00e3o da ag\u00eancia EFE.<\/p>\n<p>&#8220;Determinei que \u00e9 hora de reconhecer oficialmente Jerusal\u00e9m como capital de Israel&#8221;, disse Trump em um discurso na sala de recep\u00e7\u00f5es diplom\u00e1ticas da Casa Branca.<\/p>\n<p>Donald Trump afirmou que sua decis\u00e3o de reconhecer Jerusal\u00e9m como capital de Israel n\u00e3o deve ser interpretada como uma falta de compromisso com o processo de paz entre israelenses e palestinos, e prometeu que far\u00e1 &#8220;todo o poss\u00edvel&#8221; para ajudar as partes a consegui-lo.<\/p>\n<p>&#8220;Os Estados Unidos apoiar\u00e3o uma solu\u00e7\u00e3o de dois Estados se as duas partes chegarem a um acordo&#8221;, declarou Trump em discurso na sala de recep\u00e7\u00f5es diplom\u00e1ticas da Casa Branca.<\/p>\n<p>Fonte: Ag\u00eancia Brasil<\/p>\n","protected":false},"excerpt":{"rendered":"<p>O presidente dos Estados Unidos, Donald Trump, confirmou nessa quarta-feira, 6, que seu pa\u00eds reconhecer\u00e1 Jerusal\u00e9m, a partir de agora, como capital de Israel, uma medida que promete gerar tens\u00f5es no Oriente M\u00e9dio e reduzir as possibilidades de um processo de paz entre israelenses e palestinos. As informa\u00e7\u00f5es s\u00e3o da ag\u00eancia EFE. &#8220;Determinei que \u00e9 [&hellip;]<\/p>\n","protected":false},"author":96,"featured_media":86939,"comment_status":"closed","ping_status":"closed","sticky":false,"template":"","format":"standard","meta":{"footnotes":""},"categories":[302],"tags":[],"class_list":["post-86940","post","type-post","status-publish","format-standard","has-post-thumbnail","hentry","category-brasil-mundo"],"_links":{"self":[{"href":"https:\/\/diarioregionaldigital.com.br\/index.php?rest_route=\/wp\/v2\/posts\/86940","targetHints":{"allow":["GET"]}}],"collection":[{"href":"https:\/\/diarioregionaldigital.com.br\/index.php?rest_route=\/wp\/v2\/posts"}],"about":[{"href":"https:\/\/diarioregionaldigital.com.br\/index.php?rest_route=\/wp\/v2\/types\/post"}],"author":[{"embeddable":true,"href":"https:\/\/diarioregionaldigital.com.br\/index.php?rest_route=\/wp\/v2\/users\/96"}],"replies":[{"embeddable":true,"href":"https:\/\/diarioregionaldigital.com.br\/index.php?rest_route=%2Fwp%2Fv2%2Fcomments&post=86940"}],"version-history":[{"count":0,"href":"https:\/\/diarioregionaldigital.com.br\/index.php?rest_route=\/wp\/v2\/posts\/86940\/revisions"}],"wp:featuredmedia":[{"embeddable":true,"href":"https:\/\/diarioregionaldigital.com.br\/index.php?rest_route=\/wp\/v2\/media\/86939"}],"wp:attachment":[{"href":"https:\/\/diarioregionaldigital.com.br\/index.php?rest_route=%2Fwp%2Fv2%2Fmedia&parent=86940"}],"wp:term":[{"taxonomy":"category","embeddable":true,"href":"https:\/\/diarioregionaldigital.com.br\/index.php?rest_route=%2Fwp%2Fv2%2Fcategories&post=86940"},{"taxonomy":"post_tag","embeddable":true,"href":"https:\/\/diarioregionaldigital.com.br\/index.php?rest_route=%2Fwp%2Fv2%2Ftags&post=86940"}],"curies":[{"name":"wp","href":"https:\/\/api.w.org\/{rel}","templated":true}]}}