{"id":86936,"date":"2017-12-07T11:37:51","date_gmt":"2017-12-07T13:37:51","guid":{"rendered":"http:\/\/diarioregionaljf.com.br\/2017\/12\/07\/jovem-e-assaltada-a-mao-armada-no-jardim-gloria\/"},"modified":"2017-12-07T11:37:51","modified_gmt":"2017-12-07T13:37:51","slug":"jovem-e-assaltada-a-mao-armada-no-jardim-gloria","status":"publish","type":"post","link":"https:\/\/diarioregionaldigital.com.br\/?p=86936","title":{"rendered":"Jovem \u00e9 assaltada \u00e0 m\u00e3o armada no Jardim Gl\u00f3ria"},"content":{"rendered":"<p>Uma jovem de 20 anos foi assaltada na noite desta quarta-feira, 6, no bairro Jardim Gl\u00f3ria, localizado na zona Noroeste de Juiz de Fora.<\/p>\n<p>Segundo informa\u00e7\u00f5es do registro de ocorr\u00eancias da Pol\u00edcia Militar (PM) a v\u00edtima seguia pela Rua Capit\u00e3o Arnoldo de Carvalho, quando foi abordada por um indiv\u00edduo com uma arma de fogo.<\/p>\n<p>O autor roubou um aparelho celular e R$25 da v\u00edtima. Ap\u00f3s a a\u00e7\u00e3o fugiu em dire\u00e7\u00e3o ao Morro da Gl\u00f3ria.<\/p>\n<p>A PM realizou buscas na regi\u00e3o, mas o assaltante n\u00e3o foi encontrado. A jovem recebeu as orienta\u00e7\u00f5es necess\u00e1rias.<\/p>\n","protected":false},"excerpt":{"rendered":"<p>Uma jovem de 20 anos foi assaltada na noite desta quarta-feira, 6, no bairro Jardim Gl\u00f3ria, localizado na zona Noroeste de Juiz de Fora. Segundo informa\u00e7\u00f5es do registro de ocorr\u00eancias da Pol\u00edcia Militar (PM) a v\u00edtima seguia pela Rua Capit\u00e3o Arnoldo de Carvalho, quando foi abordada por um indiv\u00edduo com uma arma de fogo. O [&hellip;]<\/p>\n","protected":false},"author":96,"featured_media":86935,"comment_status":"closed","ping_status":"closed","sticky":false,"template":"","format":"standard","meta":{"footnotes":""},"categories":[301],"tags":[],"class_list":["post-86936","post","type-post","status-publish","format-standard","has-post-thumbnail","hentry","category-artigos-policiais"],"_links":{"self":[{"href":"https:\/\/diarioregionaldigital.com.br\/index.php?rest_route=\/wp\/v2\/posts\/86936","targetHints":{"allow":["GET"]}}],"collection":[{"href":"https:\/\/diarioregionaldigital.com.br\/index.php?rest_route=\/wp\/v2\/posts"}],"about":[{"href":"https:\/\/diarioregionaldigital.com.br\/index.php?rest_route=\/wp\/v2\/types\/post"}],"author":[{"embeddable":true,"href":"https:\/\/diarioregionaldigital.com.br\/index.php?rest_route=\/wp\/v2\/users\/96"}],"replies":[{"embeddable":true,"href":"https:\/\/diarioregionaldigital.com.br\/index.php?rest_route=%2Fwp%2Fv2%2Fcomments&post=86936"}],"version-history":[{"count":0,"href":"https:\/\/diarioregionaldigital.com.br\/index.php?rest_route=\/wp\/v2\/posts\/86936\/revisions"}],"wp:featuredmedia":[{"embeddable":true,"href":"https:\/\/diarioregionaldigital.com.br\/index.php?rest_route=\/wp\/v2\/media\/86935"}],"wp:attachment":[{"href":"https:\/\/diarioregionaldigital.com.br\/index.php?rest_route=%2Fwp%2Fv2%2Fmedia&parent=86936"}],"wp:term":[{"taxonomy":"category","embeddable":true,"href":"https:\/\/diarioregionaldigital.com.br\/index.php?rest_route=%2Fwp%2Fv2%2Fcategories&post=86936"},{"taxonomy":"post_tag","embeddable":true,"href":"https:\/\/diarioregionaldigital.com.br\/index.php?rest_route=%2Fwp%2Fv2%2Ftags&post=86936"}],"curies":[{"name":"wp","href":"https:\/\/api.w.org\/{rel}","templated":true}]}}