{"id":86934,"date":"2017-12-07T11:17:25","date_gmt":"2017-12-07T13:17:25","guid":{"rendered":"http:\/\/diarioregionaljf.com.br\/2017\/12\/07\/motorista-de-caminhao-tem-r-3-500-roubados-do-interior-de-veiculo\/"},"modified":"2017-12-07T11:17:25","modified_gmt":"2017-12-07T13:17:25","slug":"motorista-de-caminhao-tem-r-3-500-roubados-do-interior-de-veiculo","status":"publish","type":"post","link":"https:\/\/diarioregionaldigital.com.br\/?p=86934","title":{"rendered":"Motorista de caminh\u00e3o tem R$3.500 roubados do interior de ve\u00edculo"},"content":{"rendered":"<p>A Pol\u00edcia Militar (PM) registrou uma ocorr\u00eancia, por parte de um motorista de caminh\u00e3o, de 54 anos, que teve dinheiro e outros itens roubados do interior de seu ve\u00edculo nesta quarta-feira, 6.<\/p>\n<p>De acordo a PM, o motorista estacionou um caminh\u00e3o na Rua Delfim Moreira, localizada no bairro Granbery, por volta das 23h da ter\u00e7a-feira, 5.<\/p>\n<p>Na manh\u00e3 do dia 6, por voltas das 5h, ao chegar at\u00e9 o caminh\u00e3o o motorista deparou com a porta aberta. Ao verificar no interior do caminh\u00e3o, constatou ter sido roubado uma bolsa com roupas, R$ 3.500, dois telefones celulares, dois cart\u00f5es de cr\u00e9dito e documentos pessoais.<\/p>\n<p>A PM repassou as orienta\u00e7\u00f5es necess\u00e1rias \u00e0 v\u00edtima.<\/p>\n","protected":false},"excerpt":{"rendered":"<p>A Pol\u00edcia Militar (PM) registrou uma ocorr\u00eancia, por parte de um motorista de caminh\u00e3o, de 54 anos, que teve dinheiro e outros itens roubados do interior de seu ve\u00edculo nesta quarta-feira, 6. De acordo a PM, o motorista estacionou um caminh\u00e3o na Rua Delfim Moreira, localizada no bairro Granbery, por volta das 23h da ter\u00e7a-feira, [&hellip;]<\/p>\n","protected":false},"author":96,"featured_media":86933,"comment_status":"closed","ping_status":"closed","sticky":false,"template":"","format":"standard","meta":{"footnotes":""},"categories":[301],"tags":[],"class_list":["post-86934","post","type-post","status-publish","format-standard","has-post-thumbnail","hentry","category-artigos-policiais"],"_links":{"self":[{"href":"https:\/\/diarioregionaldigital.com.br\/index.php?rest_route=\/wp\/v2\/posts\/86934","targetHints":{"allow":["GET"]}}],"collection":[{"href":"https:\/\/diarioregionaldigital.com.br\/index.php?rest_route=\/wp\/v2\/posts"}],"about":[{"href":"https:\/\/diarioregionaldigital.com.br\/index.php?rest_route=\/wp\/v2\/types\/post"}],"author":[{"embeddable":true,"href":"https:\/\/diarioregionaldigital.com.br\/index.php?rest_route=\/wp\/v2\/users\/96"}],"replies":[{"embeddable":true,"href":"https:\/\/diarioregionaldigital.com.br\/index.php?rest_route=%2Fwp%2Fv2%2Fcomments&post=86934"}],"version-history":[{"count":0,"href":"https:\/\/diarioregionaldigital.com.br\/index.php?rest_route=\/wp\/v2\/posts\/86934\/revisions"}],"wp:featuredmedia":[{"embeddable":true,"href":"https:\/\/diarioregionaldigital.com.br\/index.php?rest_route=\/wp\/v2\/media\/86933"}],"wp:attachment":[{"href":"https:\/\/diarioregionaldigital.com.br\/index.php?rest_route=%2Fwp%2Fv2%2Fmedia&parent=86934"}],"wp:term":[{"taxonomy":"category","embeddable":true,"href":"https:\/\/diarioregionaldigital.com.br\/index.php?rest_route=%2Fwp%2Fv2%2Fcategories&post=86934"},{"taxonomy":"post_tag","embeddable":true,"href":"https:\/\/diarioregionaldigital.com.br\/index.php?rest_route=%2Fwp%2Fv2%2Ftags&post=86934"}],"curies":[{"name":"wp","href":"https:\/\/api.w.org\/{rel}","templated":true}]}}