{"id":86773,"date":"2017-12-05T18:50:11","date_gmt":"2017-12-05T20:50:11","guid":{"rendered":"http:\/\/diarioregionaljf.com.br\/2017\/12\/05\/marcio-lacerda-visita-juiz-de-fora-e-destaca-proposta-de-ampliacao-de-recursos-a-municipios\/"},"modified":"2017-12-05T18:50:11","modified_gmt":"2017-12-05T20:50:11","slug":"marcio-lacerda-visita-juiz-de-fora-e-destaca-proposta-de-ampliacao-de-recursos-a-municipios","status":"publish","type":"post","link":"https:\/\/diarioregionaldigital.com.br\/?p=86773","title":{"rendered":"Marcio Lacerda visita Juiz de Fora e destaca proposta de amplia\u00e7\u00e3o de recursos a munic\u00edpios"},"content":{"rendered":"<p>O presidente do Conselho da Frente Nacional de Prefeitos (FNP), Marcio Lacerda, est\u00e1 em Juiz de Fora para a realiza\u00e7\u00e3o de encontros com entidades e institui\u00e7\u00f5es. Durante os mesmos, ele vai falar sobre a proposta da FNP a ser apresentada ao Congresso Nacional para ampliar a destina\u00e7\u00e3o de recursos para as cidades. O ex-prefeito de Belo Horizonte permanece no munic\u00edpio at\u00e9 esta quarta-feira, 6.<\/p>\n<p>\u201c\u00c9 nos munic\u00edpios que as pessoas vivem, trabalham, produzem e os impostos s\u00e3o gerados. Atualmente, 83% da popula\u00e7\u00e3o brasileira vive nas cidades. Os munic\u00edpios n\u00e3o t\u00eam sido tratados com o devido respeito, mesmo que a Constitui\u00e7\u00e3o os considere ente federativos, como os estados e a Uni\u00e3o\u201d, ressaltou Lacerda.<\/p>\n<p>Conforme o presidente do Conselho da FNP, hoje, os munic\u00edpios recebem 19% do total dos impostos recolhidos no pa\u00eds, enquanto o Governo Federal fica com 56% e os estados com 25%. \u201cOs munic\u00edpios est\u00e3o recebendo cada vez mais atribui\u00e7\u00f5es. A divis\u00e3o precisa mudar, pois as cidades s\u00e3o tratadas como o \u2018primo pobre\u2019 com um pires na m\u00e3o, fazendo o papel de pedinte\u201d, frisou.<\/p>\n<p>Com as visitas aos munic\u00edpios, esta semana a Frente Nacional de Prefeitos completa 100 cidades visitadas no estado. A entidade colhe conhecimento para a prepara\u00e7\u00e3o de projetos de leis, inclusive com propostas de mudan\u00e7as constitucionais. \u201c[Esses projetos] ser\u00e3o colocados na m\u00e3o dos gestores municipais, vereadores e prefeitos, para discutir com os candidatos ao Congresso Nacional no pr\u00f3ximo ano, para que venha diminuir a concentra\u00e7\u00e3o de recursos no governo Federal e beneficie as cidades\u201d, afirmou.<\/p>\n<p>&nbsp;<\/p>\n<h4>SA\u00daDE E SEGURAN\u00c7A<\/h4>\n<p>Atualmente, ponderou Lacerda, os problemas que os munic\u00edpios t\u00eam enfrentado, al\u00e9m do desemprego, s\u00e3o nas \u00e1reas de sa\u00fade e seguran\u00e7a. \u201cNa sa\u00fade, os governos estaduais e federais, principalmente o do Estado, n\u00e3o t\u00eam cumprido seus compromissos e realizado os repasses. No governo de Minas, entre munic\u00edpios e entidades filantr\u00f3picas, o n\u00famero, me parece, que \u00e9 de R$5 bilh\u00f5es em atraso. Al\u00e9m disso, n\u00e3o h\u00e1 uma boa gest\u00e3o dos recursos\u201d, afirmou.<\/p>\n<p>Lacerda disse ainda que a falta de uma boa gest\u00e3o do governo estadual tem atingido tamb\u00e9m a seguran\u00e7a. \u201cEm Minas Gerais, os cortes t\u00eam prejudicado bastante, mas tamb\u00e9m falta gest\u00e3o. A gente ouve, inclusive da Pol\u00edcia Civil, que o recurso \u00e9 limitado, mas tamb\u00e9m n\u00e3o tem administra\u00e7\u00e3o\u201d.<\/p>\n<p>&nbsp;<\/p>\n<h4>GOVERNO DE MINAS<\/h4>\n<p>Durante coletiva \u00e0 imprensa, Lacerda informou que pretende lan\u00e7ar candidatura ao governo de Minas Gerais em 2018. \u201cJuiz de Fora tem uma import\u00e2ncia pol\u00edtica e econ\u00f4mica n\u00e3o s\u00f3 regional, mas em todo o estado de Minas Gerais e at\u00e9 no Brasil. Aqui, teremos uma etapa importante de colheita de ideias, opini\u00f5es e propostas que ir\u00e3o certamente ter uma import\u00e2ncia na formula\u00e7\u00e3o de ideias para discuss\u00e3o pol\u00edtica na elei\u00e7\u00e3o do pr\u00f3ximo ano\u201d, disse Lacerda sobre a escolha do munic\u00edpio como uma de suas paradas.<\/p>\n<p>&nbsp;<\/p>\n<h4>ZONA DA MATA<\/h4>\n<p>Quando questionado sobre a situa\u00e7\u00e3o da Zona da Mata, Lacerda afirmou que \u00e9 necess\u00e1rio planejamento estrat\u00e9gico para o crescimento da regi\u00e3o e apresentou o seu diagn\u00f3stico. \u201cJuiz de Fora \u00e9 um p\u00f3lo econ\u00f4mico muito importante, mas se voc\u00ea tirar a cidade das estat\u00edsticas, a Zona da Mata aparece como uma regi\u00e3o deprimida no ponto de vista econ\u00f4mico e que vem perdendo posi\u00e7\u00e3o relativa \u00e0 produ\u00e7\u00e3o no Estado\u201d, falou o presidente do Conselho da FNP. \u201c\u00c9 uma \u00e1rea que precisa fazer um planejamento estrat\u00e9gico com vis\u00e3o de longo prazo. Ela est\u00e1 bem situada e tem as suas vantagens comparativas e o governo estadual est\u00e1 falhando em n\u00e3o assumir este protagonismo de liderar um processo de planejamento que venha fazer a Zona da Mata recupere o dinamismo econ\u00f4mico\u201d, acrescentou.<\/p>\n","protected":false},"excerpt":{"rendered":"<p>O presidente do Conselho da Frente Nacional de Prefeitos (FNP), Marcio Lacerda, est\u00e1 em Juiz de Fora para a realiza\u00e7\u00e3o de encontros com entidades e institui\u00e7\u00f5es. Durante os mesmos, ele vai falar sobre a proposta da FNP a ser apresentada ao Congresso Nacional para ampliar a destina\u00e7\u00e3o de recursos para as cidades. O ex-prefeito de [&hellip;]<\/p>\n","protected":false},"author":96,"featured_media":86772,"comment_status":"closed","ping_status":"closed","sticky":false,"template":"","format":"standard","meta":{"footnotes":""},"categories":[253],"tags":[],"class_list":["post-86773","post","type-post","status-publish","format-standard","has-post-thumbnail","hentry","category-cidade"],"_links":{"self":[{"href":"https:\/\/diarioregionaldigital.com.br\/index.php?rest_route=\/wp\/v2\/posts\/86773","targetHints":{"allow":["GET"]}}],"collection":[{"href":"https:\/\/diarioregionaldigital.com.br\/index.php?rest_route=\/wp\/v2\/posts"}],"about":[{"href":"https:\/\/diarioregionaldigital.com.br\/index.php?rest_route=\/wp\/v2\/types\/post"}],"author":[{"embeddable":true,"href":"https:\/\/diarioregionaldigital.com.br\/index.php?rest_route=\/wp\/v2\/users\/96"}],"replies":[{"embeddable":true,"href":"https:\/\/diarioregionaldigital.com.br\/index.php?rest_route=%2Fwp%2Fv2%2Fcomments&post=86773"}],"version-history":[{"count":0,"href":"https:\/\/diarioregionaldigital.com.br\/index.php?rest_route=\/wp\/v2\/posts\/86773\/revisions"}],"wp:featuredmedia":[{"embeddable":true,"href":"https:\/\/diarioregionaldigital.com.br\/index.php?rest_route=\/wp\/v2\/media\/86772"}],"wp:attachment":[{"href":"https:\/\/diarioregionaldigital.com.br\/index.php?rest_route=%2Fwp%2Fv2%2Fmedia&parent=86773"}],"wp:term":[{"taxonomy":"category","embeddable":true,"href":"https:\/\/diarioregionaldigital.com.br\/index.php?rest_route=%2Fwp%2Fv2%2Fcategories&post=86773"},{"taxonomy":"post_tag","embeddable":true,"href":"https:\/\/diarioregionaldigital.com.br\/index.php?rest_route=%2Fwp%2Fv2%2Ftags&post=86773"}],"curies":[{"name":"wp","href":"https:\/\/api.w.org\/{rel}","templated":true}]}}