{"id":86659,"date":"2017-12-04T16:46:17","date_gmt":"2017-12-04T18:46:17","guid":{"rendered":"http:\/\/diarioregionaljf.com.br\/2017\/12\/04\/pais-zera-imposto-de-importacao-para-tres-vacinas-devido-a-desabastecimento\/"},"modified":"2017-12-04T16:46:17","modified_gmt":"2017-12-04T18:46:17","slug":"pais-zera-imposto-de-importacao-para-tres-vacinas-devido-a-desabastecimento","status":"publish","type":"post","link":"https:\/\/diarioregionaldigital.com.br\/?p=86659","title":{"rendered":"Pa\u00eds zera imposto de importa\u00e7\u00e3o para tr\u00eas vacinas devido a desabastecimento"},"content":{"rendered":"<p>O governo brasileiro zerou temporariamente as al\u00edquotas do Imposto de Importa\u00e7\u00e3o para as vacinas contra o HPV, contra a Hepatite A e ainda para a vacina tr\u00edplice bacteriana acelular do adulto (DTPa, contra difteria, t\u00e9tano e coqueluche). O motivo da medida, que vale para uma quantidade limitada de doses, \u00e9 o desabastecimento no mercado brasileiro.<\/p>\n<p>No caso das vacinas DTPa e contra o HPV, a al\u00edquota fica zerada pelo per\u00edodo de um ano para uma cota de 5 milh\u00f5es de doses e 6 milh\u00f5es de doses, respectivamente.<\/p>\n<p>J\u00e1 a vacina contra a Hepatite A ter\u00e1 al\u00edquota zerada para uma cota de 2,25 milh\u00f5es de doses por um per\u00edodo de seis meses, a ser contado a partir de 2 de abril de 2018.<\/p>\n<p>A medida, publicada no Di\u00e1rio Oficial da Uni\u00e3o na \u00faltima sexta-feira, 1\u00b0 de dezembro, foi aprovada pela C\u00e2mara de Com\u00e9rcio Exterior (Camex), \u00f3rg\u00e3o vinculado \u00e0 presid\u00eancia da Rep\u00fablica respons\u00e1vel pela ado\u00e7\u00e3o de pol\u00edticas relativas ao com\u00e9rcio exterior.<\/p>\n<p>A Secretaria de Com\u00e9rcio Exterior do Minist\u00e9rio da Ind\u00fastria, Com\u00e9rcio Exterior e Servi\u00e7os ainda editar\u00e1 norma complementar estabelecendo os crit\u00e9rios de aloca\u00e7\u00e3o das cotas.<\/p>\n<p>Fonte: Ag\u00eancia Brasil<\/p>\n","protected":false},"excerpt":{"rendered":"<p>O governo brasileiro zerou temporariamente as al\u00edquotas do Imposto de Importa\u00e7\u00e3o para as vacinas contra o HPV, contra a Hepatite A e ainda para a vacina tr\u00edplice bacteriana acelular do adulto (DTPa, contra difteria, t\u00e9tano e coqueluche). O motivo da medida, que vale para uma quantidade limitada de doses, \u00e9 o desabastecimento no mercado brasileiro. [&hellip;]<\/p>\n","protected":false},"author":96,"featured_media":86658,"comment_status":"closed","ping_status":"closed","sticky":false,"template":"","format":"standard","meta":{"footnotes":""},"categories":[302],"tags":[],"class_list":["post-86659","post","type-post","status-publish","format-standard","has-post-thumbnail","hentry","category-brasil-mundo"],"_links":{"self":[{"href":"https:\/\/diarioregionaldigital.com.br\/index.php?rest_route=\/wp\/v2\/posts\/86659","targetHints":{"allow":["GET"]}}],"collection":[{"href":"https:\/\/diarioregionaldigital.com.br\/index.php?rest_route=\/wp\/v2\/posts"}],"about":[{"href":"https:\/\/diarioregionaldigital.com.br\/index.php?rest_route=\/wp\/v2\/types\/post"}],"author":[{"embeddable":true,"href":"https:\/\/diarioregionaldigital.com.br\/index.php?rest_route=\/wp\/v2\/users\/96"}],"replies":[{"embeddable":true,"href":"https:\/\/diarioregionaldigital.com.br\/index.php?rest_route=%2Fwp%2Fv2%2Fcomments&post=86659"}],"version-history":[{"count":0,"href":"https:\/\/diarioregionaldigital.com.br\/index.php?rest_route=\/wp\/v2\/posts\/86659\/revisions"}],"wp:featuredmedia":[{"embeddable":true,"href":"https:\/\/diarioregionaldigital.com.br\/index.php?rest_route=\/wp\/v2\/media\/86658"}],"wp:attachment":[{"href":"https:\/\/diarioregionaldigital.com.br\/index.php?rest_route=%2Fwp%2Fv2%2Fmedia&parent=86659"}],"wp:term":[{"taxonomy":"category","embeddable":true,"href":"https:\/\/diarioregionaldigital.com.br\/index.php?rest_route=%2Fwp%2Fv2%2Fcategories&post=86659"},{"taxonomy":"post_tag","embeddable":true,"href":"https:\/\/diarioregionaldigital.com.br\/index.php?rest_route=%2Fwp%2Fv2%2Ftags&post=86659"}],"curies":[{"name":"wp","href":"https:\/\/api.w.org\/{rel}","templated":true}]}}