{"id":86653,"date":"2017-12-04T16:35:15","date_gmt":"2017-12-04T18:35:15","guid":{"rendered":"http:\/\/diarioregionaljf.com.br\/2017\/12\/04\/empresarios-peruanos-socios-da-odebrecht-sao-condenados-a-18-meses-de-prisao\/"},"modified":"2017-12-04T16:35:15","modified_gmt":"2017-12-04T18:35:15","slug":"empresarios-peruanos-socios-da-odebrecht-sao-condenados-a-18-meses-de-prisao","status":"publish","type":"post","link":"https:\/\/diarioregionaldigital.com.br\/?p=86653","title":{"rendered":"Empres\u00e1rios peruanos s\u00f3cios da Odebrecht s\u00e3o condenados a 18 meses de pris\u00e3o"},"content":{"rendered":"<p>O Poder Judici\u00e1rio do Peru condenou nessa segunda-feira, 4, a 18 meses de pris\u00e3o preventiva, quatro ex-executivos de empresas que atuaram como s\u00f3cias da construtora brasileira Odebrecht na execu\u00e7\u00e3o de obras na Rodovia Interoce\u00e2nica Sul, que liga o Acre, no Brasil, ao Oceano Pac\u00edfico, no litoral do Peru.<\/p>\n<p>Os ex-dirigentes da empresa Gra\u00f1a y Montero, Jos\u00e9 Gra\u00f1a Mir\u00f3 Quesada e Hernando Gra\u00f1a Acu\u00f1a; o presidente da companhia JJ Camet Contratistas Generales, Fernando Camet Piccone, e o gerente -geral da construtora ICCGSA, Jos\u00e9 Castillo Dib\u00f3s, s\u00e3o acusados de subornar agentes p\u00fablicos, dentre eles o ex-presidente peruano, Alejandro Toledo, para fraudar processos licitat\u00f3rios.<\/p>\n<p>Na mesma senten\u00e7a, o juiz Richard Concepci\u00f3n Carhuancho condenou o ex-presidente executivo da Gra\u00f1a y Montero, Gonzalo Ferraro Rey, a cumprir sua pena em uma cl\u00ednica m\u00e9dica, onde ter\u00e1 que observar uma s\u00e9rie de restri\u00e7\u00f5es enquanto se trata de um c\u00e2ncer.<\/p>\n<p>Al\u00e9m de conluio para fraudar licita\u00e7\u00f5es, Gra\u00f1a Acu\u00f1a, Camet Piccone, Castillo Dib\u00f3s e Ferraro Rey s\u00e3o acusados de lavagem de dinheiro. Os r\u00e9us negam as acusa\u00e7\u00f5es e seus advogados j\u00e1 anunciaram que v\u00e3o recorrer da senten\u00e7a.<\/p>\n<p>&nbsp;<\/p>\n<h4>METR\u00d4<\/h4>\n<p>Al\u00e9m de ind\u00edcios de irregularidades nas obras da Rodovia Interoce\u00e2nica Sul, a Justi\u00e7a peruana investiga suspeita de fraudes em outras obras civis que contaram com a participa\u00e7\u00e3o da Odebrecht. Como na constru\u00e7\u00e3o da Linha 1 do metr\u00f4 de Lima.<\/p>\n<p>Em setembro, o mesmo juiz Richard Concepci\u00f3n decretou a pris\u00e3o preventiva por 18 meses de V\u00edctor Mu\u00f1oz Cuba, acusado de participar do pagamento de propina ao ex-vice-ministro de Comunica\u00e7\u00f5es Jorge Cuba Hidalgo.<\/p>\n<p>De acordo com a den\u00fancia da Procuradoria, Mu\u00f1oz Cuba, primo do ex-vice-ministro, intermediou a transfer\u00eancia para um banco su\u00ed\u00e7o de US$6,2 milh\u00f5es dos cerca de US$8 milh\u00f5es que teriam sido entregues pela Odebrecht, atrav\u00e9s das empresas Hispamar International Corporation e Coneng Assets Incorporated.<\/p>\n<p>Durante as investiga\u00e7\u00f5es, a Odebrecht admitiu ter pago propina a funcion\u00e1rios do pa\u00eds entre 2005 e 2014. Primeiro-ministro e titular de Economia durante o governo de Alejandro Toledo (2001-2006), o atual presidente do Peru, Pedro Pablo Kuczynski, nega ter recebido qualquer quantia da construtora brasileira.<\/p>\n<p>Fonte: Ag\u00eancia Brasil<\/p>\n","protected":false},"excerpt":{"rendered":"<p>O Poder Judici\u00e1rio do Peru condenou nessa segunda-feira, 4, a 18 meses de pris\u00e3o preventiva, quatro ex-executivos de empresas que atuaram como s\u00f3cias da construtora brasileira Odebrecht na execu\u00e7\u00e3o de obras na Rodovia Interoce\u00e2nica Sul, que liga o Acre, no Brasil, ao Oceano Pac\u00edfico, no litoral do Peru. Os ex-dirigentes da empresa Gra\u00f1a y Montero, [&hellip;]<\/p>\n","protected":false},"author":96,"featured_media":86652,"comment_status":"closed","ping_status":"closed","sticky":false,"template":"","format":"standard","meta":{"footnotes":""},"categories":[302],"tags":[],"class_list":["post-86653","post","type-post","status-publish","format-standard","has-post-thumbnail","hentry","category-brasil-mundo"],"_links":{"self":[{"href":"https:\/\/diarioregionaldigital.com.br\/index.php?rest_route=\/wp\/v2\/posts\/86653","targetHints":{"allow":["GET"]}}],"collection":[{"href":"https:\/\/diarioregionaldigital.com.br\/index.php?rest_route=\/wp\/v2\/posts"}],"about":[{"href":"https:\/\/diarioregionaldigital.com.br\/index.php?rest_route=\/wp\/v2\/types\/post"}],"author":[{"embeddable":true,"href":"https:\/\/diarioregionaldigital.com.br\/index.php?rest_route=\/wp\/v2\/users\/96"}],"replies":[{"embeddable":true,"href":"https:\/\/diarioregionaldigital.com.br\/index.php?rest_route=%2Fwp%2Fv2%2Fcomments&post=86653"}],"version-history":[{"count":0,"href":"https:\/\/diarioregionaldigital.com.br\/index.php?rest_route=\/wp\/v2\/posts\/86653\/revisions"}],"wp:featuredmedia":[{"embeddable":true,"href":"https:\/\/diarioregionaldigital.com.br\/index.php?rest_route=\/wp\/v2\/media\/86652"}],"wp:attachment":[{"href":"https:\/\/diarioregionaldigital.com.br\/index.php?rest_route=%2Fwp%2Fv2%2Fmedia&parent=86653"}],"wp:term":[{"taxonomy":"category","embeddable":true,"href":"https:\/\/diarioregionaldigital.com.br\/index.php?rest_route=%2Fwp%2Fv2%2Fcategories&post=86653"},{"taxonomy":"post_tag","embeddable":true,"href":"https:\/\/diarioregionaldigital.com.br\/index.php?rest_route=%2Fwp%2Fv2%2Ftags&post=86653"}],"curies":[{"name":"wp","href":"https:\/\/api.w.org\/{rel}","templated":true}]}}