{"id":86651,"date":"2017-12-04T13:12:28","date_gmt":"2017-12-04T15:12:28","guid":{"rendered":"http:\/\/diarioregionaljf.com.br\/2017\/12\/04\/corpo-de-homem-localizado-no-rio-paraibuna-segue-sem-identificacao-no-iml\/"},"modified":"2017-12-04T13:12:28","modified_gmt":"2017-12-04T15:12:28","slug":"corpo-de-homem-localizado-no-rio-paraibuna-segue-sem-identificacao-no-iml","status":"publish","type":"post","link":"https:\/\/diarioregionaldigital.com.br\/?p=86651","title":{"rendered":"Corpo de homem localizado no Rio Paraibuna segue sem identifica\u00e7\u00e3o no IML"},"content":{"rendered":"<p>O Instituto M\u00e9dico Legal (IML) informou na manh\u00e3 desta segunda-feira, 4, que segue sem identifica\u00e7\u00e3o o corpo de um homem encontrado no Rio Paraibuna, no \u00faltimo s\u00e1bado, 2.<\/p>\n<p>O corpo foi encontrado em estado de putrefa\u00e7\u00e3o. Ele estaria de cal\u00e7a jeans com cinto, meia cinza, camisa verde e teria aproximadamente 1m70. O corpo n\u00e3o apresentava les\u00f5es e acredita-se, a princ\u00edpio, que a morte se deu por afogamento.<\/p>\n<p>O IML solicita a quem souber qualquer informa\u00e7\u00e3o que possa ajudar na identifica\u00e7\u00e3o, que compare\u00e7a ao instituto. O IML fica na Rua Professora Carolina Coelho, pr\u00f3ximo ao n\u00famero 250 no bairro Granbery.<\/p>\n","protected":false},"excerpt":{"rendered":"<p>O Instituto M\u00e9dico Legal (IML) informou na manh\u00e3 desta segunda-feira, 4, que segue sem identifica\u00e7\u00e3o o corpo de um homem encontrado no Rio Paraibuna, no \u00faltimo s\u00e1bado, 2. O corpo foi encontrado em estado de putrefa\u00e7\u00e3o. Ele estaria de cal\u00e7a jeans com cinto, meia cinza, camisa verde e teria aproximadamente 1m70. O corpo n\u00e3o apresentava [&hellip;]<\/p>\n","protected":false},"author":96,"featured_media":86650,"comment_status":"closed","ping_status":"closed","sticky":false,"template":"","format":"standard","meta":{"footnotes":""},"categories":[301],"tags":[],"class_list":["post-86651","post","type-post","status-publish","format-standard","has-post-thumbnail","hentry","category-artigos-policiais"],"_links":{"self":[{"href":"https:\/\/diarioregionaldigital.com.br\/index.php?rest_route=\/wp\/v2\/posts\/86651","targetHints":{"allow":["GET"]}}],"collection":[{"href":"https:\/\/diarioregionaldigital.com.br\/index.php?rest_route=\/wp\/v2\/posts"}],"about":[{"href":"https:\/\/diarioregionaldigital.com.br\/index.php?rest_route=\/wp\/v2\/types\/post"}],"author":[{"embeddable":true,"href":"https:\/\/diarioregionaldigital.com.br\/index.php?rest_route=\/wp\/v2\/users\/96"}],"replies":[{"embeddable":true,"href":"https:\/\/diarioregionaldigital.com.br\/index.php?rest_route=%2Fwp%2Fv2%2Fcomments&post=86651"}],"version-history":[{"count":0,"href":"https:\/\/diarioregionaldigital.com.br\/index.php?rest_route=\/wp\/v2\/posts\/86651\/revisions"}],"wp:featuredmedia":[{"embeddable":true,"href":"https:\/\/diarioregionaldigital.com.br\/index.php?rest_route=\/wp\/v2\/media\/86650"}],"wp:attachment":[{"href":"https:\/\/diarioregionaldigital.com.br\/index.php?rest_route=%2Fwp%2Fv2%2Fmedia&parent=86651"}],"wp:term":[{"taxonomy":"category","embeddable":true,"href":"https:\/\/diarioregionaldigital.com.br\/index.php?rest_route=%2Fwp%2Fv2%2Fcategories&post=86651"},{"taxonomy":"post_tag","embeddable":true,"href":"https:\/\/diarioregionaldigital.com.br\/index.php?rest_route=%2Fwp%2Fv2%2Ftags&post=86651"}],"curies":[{"name":"wp","href":"https:\/\/api.w.org\/{rel}","templated":true}]}}