{"id":86649,"date":"2017-12-04T12:41:59","date_gmt":"2017-12-04T14:41:59","guid":{"rendered":"http:\/\/diarioregionaljf.com.br\/2017\/12\/04\/caminhao-do-corpo-de-bombeiros-invade-esplanada-dos-ministerios\/"},"modified":"2017-12-04T12:41:59","modified_gmt":"2017-12-04T14:41:59","slug":"caminhao-do-corpo-de-bombeiros-invade-esplanada-dos-ministerios","status":"publish","type":"post","link":"https:\/\/diarioregionaldigital.com.br\/?p=86649","title":{"rendered":"Caminh\u00e3o do Corpo de Bombeiros invade Esplanada dos Minist\u00e9rios"},"content":{"rendered":"<p>Policiais militares foram mobilizados na madrugada do \u00faltimo s\u00e1bado, 3, para conter um caminh\u00e3o do Corpo de Bombeiros que acessou a Esplanada dos Minist\u00e9rios em alta velocidade. O ve\u00edculo foi roubado por volta da 1h30, do 8\u00ba Grupamento de Bombeiro Militar, em Ceil\u00e2ndia Norte, a cerca de 30 quil\u00f4metros do Eixo Monumental, por um 2\u00ba sargento da corpora\u00e7\u00e3o que n\u00e3o teve o nome revelado. A motiva\u00e7\u00e3o do furto n\u00e3o foi esclarecida.<\/p>\n<p>Segundo a assessoria da Pol\u00edcia Militar (PM), viaturas da Patrulha T\u00e1tico M\u00f3vel e da Ronda T\u00e1tico Motorizada chegaram a disparar tiros para interromper o curso do caminh\u00e3o, que, ap\u00f3s rodar cerca de meia hora, chegava \u00e0 Pra\u00e7a dos Tr\u00eas Poderes pela Via S1.<\/p>\n<p>O 2\u00ba sargento, identificado como Fabr\u00edcio Marcos Ara\u00fajo, 44 anos, foi encaminhado ao quartel de origem, onde recebeu voz de pris\u00e3o. De acordo com a PM, ningu\u00e9m ficou ferido.<\/p>\n<p><span style=\"font-size: 18pt;\">Secretaria<\/span><\/p>\n<p>No fim da tarde, a Secretaria de Seguran\u00e7a do Distrito Federal afirmou que o Corpo de Bombeiros Militar do DF (CBMDF) n\u00e3o classifica o epis\u00f3dio como ato terrorista envolvendo o furto de um caminh\u00e3o da corpora\u00e7\u00e3o por um de seus sargentos. Com o ve\u00edculo, o homem percorreu quase 30 quil\u00f4metros, de Ceil\u00e2ndia at\u00e9 a altura da Catedral de Bras\u00edlia.<\/p>\n<p>&#8220;Na apura\u00e7\u00e3o preliminar do Corpo de Bombeiros, a princ\u00edpio n\u00e3o foram encontrados elementos que apontam para a caracteriza\u00e7\u00e3o de atentado terrorista, em conformidade com a Lei 13.260\/16, que trata dos crimes de terrorismo&#8221;, diz a nota da secretaria.<\/p>\n<p>Segundo o comunicado, o 2\u00b0 sargento dever\u00e1 responder por furto qualificado, desobedi\u00eancia, danos ao material da administra\u00e7\u00e3o militar e tentativa de dano. Ele est\u00e1 detido no N\u00facleo de Cust\u00f3dia do CBMDF e ser\u00e1 submetido a audi\u00eancia de cust\u00f3dia.<\/p>\n<p>A secretaria informou ainda que o caso ser\u00e1 acompanhado pela Diretoria de Sa\u00fade e o Centro de Assist\u00eancia da corpora\u00e7\u00e3o.<\/p>\n<p>Fonte: Ag\u00eancia Brasil<\/p>\n","protected":false},"excerpt":{"rendered":"<p>Policiais militares foram mobilizados na madrugada do \u00faltimo s\u00e1bado, 3, para conter um caminh\u00e3o do Corpo de Bombeiros que acessou a Esplanada dos Minist\u00e9rios em alta velocidade. O ve\u00edculo foi roubado por volta da 1h30, do 8\u00ba Grupamento de Bombeiro Militar, em Ceil\u00e2ndia Norte, a cerca de 30 quil\u00f4metros do Eixo Monumental, por um 2\u00ba [&hellip;]<\/p>\n","protected":false},"author":96,"featured_media":86648,"comment_status":"closed","ping_status":"closed","sticky":false,"template":"","format":"standard","meta":{"footnotes":""},"categories":[302],"tags":[],"class_list":["post-86649","post","type-post","status-publish","format-standard","has-post-thumbnail","hentry","category-brasil-mundo"],"_links":{"self":[{"href":"https:\/\/diarioregionaldigital.com.br\/index.php?rest_route=\/wp\/v2\/posts\/86649","targetHints":{"allow":["GET"]}}],"collection":[{"href":"https:\/\/diarioregionaldigital.com.br\/index.php?rest_route=\/wp\/v2\/posts"}],"about":[{"href":"https:\/\/diarioregionaldigital.com.br\/index.php?rest_route=\/wp\/v2\/types\/post"}],"author":[{"embeddable":true,"href":"https:\/\/diarioregionaldigital.com.br\/index.php?rest_route=\/wp\/v2\/users\/96"}],"replies":[{"embeddable":true,"href":"https:\/\/diarioregionaldigital.com.br\/index.php?rest_route=%2Fwp%2Fv2%2Fcomments&post=86649"}],"version-history":[{"count":0,"href":"https:\/\/diarioregionaldigital.com.br\/index.php?rest_route=\/wp\/v2\/posts\/86649\/revisions"}],"wp:featuredmedia":[{"embeddable":true,"href":"https:\/\/diarioregionaldigital.com.br\/index.php?rest_route=\/wp\/v2\/media\/86648"}],"wp:attachment":[{"href":"https:\/\/diarioregionaldigital.com.br\/index.php?rest_route=%2Fwp%2Fv2%2Fmedia&parent=86649"}],"wp:term":[{"taxonomy":"category","embeddable":true,"href":"https:\/\/diarioregionaldigital.com.br\/index.php?rest_route=%2Fwp%2Fv2%2Fcategories&post=86649"},{"taxonomy":"post_tag","embeddable":true,"href":"https:\/\/diarioregionaldigital.com.br\/index.php?rest_route=%2Fwp%2Fv2%2Ftags&post=86649"}],"curies":[{"name":"wp","href":"https:\/\/api.w.org\/{rel}","templated":true}]}}