{"id":86647,"date":"2017-12-04T12:12:24","date_gmt":"2017-12-04T14:12:24","guid":{"rendered":"http:\/\/diarioregionaljf.com.br\/2017\/12\/04\/duas-jovens-sao-agredidas-e-assaltadas-no-bairro-sao-mateus\/"},"modified":"2017-12-04T12:12:24","modified_gmt":"2017-12-04T14:12:24","slug":"duas-jovens-sao-agredidas-e-assaltadas-no-bairro-sao-mateus","status":"publish","type":"post","link":"https:\/\/diarioregionaldigital.com.br\/?p=86647","title":{"rendered":"Duas jovens s\u00e3o agredidas e assaltadas no bairro S\u00e3o Mateus"},"content":{"rendered":"<p>Duas jovens foram agredidas e assaltadas na madrugada deste domingo, no bairro S\u00e3o Mateus, localizado na regi\u00e3o central de Juiz de Fora.<\/p>\n<p>Segundo informa\u00e7\u00f5es da Pol\u00edcia Militar (PM), as duas jovens de 20 e 21 anos, passavam pela Rua Manoel Bernardino, quando foram abordadas por dois indiv\u00edduos.<\/p>\n<p>Os autores agrediram as duas jovens e roubaram uma bolsa com documentos pessoais e a quantia de R$70. Ap\u00f3s o crime, a dupla fugiu.<\/p>\n<p>A PM n\u00e3o localizou os indiv\u00edduos.<\/p>\n","protected":false},"excerpt":{"rendered":"<p>Duas jovens foram agredidas e assaltadas na madrugada deste domingo, no bairro S\u00e3o Mateus, localizado na regi\u00e3o central de Juiz de Fora. Segundo informa\u00e7\u00f5es da Pol\u00edcia Militar (PM), as duas jovens de 20 e 21 anos, passavam pela Rua Manoel Bernardino, quando foram abordadas por dois indiv\u00edduos. Os autores agrediram as duas jovens e roubaram [&hellip;]<\/p>\n","protected":false},"author":96,"featured_media":86646,"comment_status":"closed","ping_status":"closed","sticky":false,"template":"","format":"standard","meta":{"footnotes":""},"categories":[301],"tags":[],"class_list":["post-86647","post","type-post","status-publish","format-standard","has-post-thumbnail","hentry","category-artigos-policiais"],"_links":{"self":[{"href":"https:\/\/diarioregionaldigital.com.br\/index.php?rest_route=\/wp\/v2\/posts\/86647","targetHints":{"allow":["GET"]}}],"collection":[{"href":"https:\/\/diarioregionaldigital.com.br\/index.php?rest_route=\/wp\/v2\/posts"}],"about":[{"href":"https:\/\/diarioregionaldigital.com.br\/index.php?rest_route=\/wp\/v2\/types\/post"}],"author":[{"embeddable":true,"href":"https:\/\/diarioregionaldigital.com.br\/index.php?rest_route=\/wp\/v2\/users\/96"}],"replies":[{"embeddable":true,"href":"https:\/\/diarioregionaldigital.com.br\/index.php?rest_route=%2Fwp%2Fv2%2Fcomments&post=86647"}],"version-history":[{"count":0,"href":"https:\/\/diarioregionaldigital.com.br\/index.php?rest_route=\/wp\/v2\/posts\/86647\/revisions"}],"wp:featuredmedia":[{"embeddable":true,"href":"https:\/\/diarioregionaldigital.com.br\/index.php?rest_route=\/wp\/v2\/media\/86646"}],"wp:attachment":[{"href":"https:\/\/diarioregionaldigital.com.br\/index.php?rest_route=%2Fwp%2Fv2%2Fmedia&parent=86647"}],"wp:term":[{"taxonomy":"category","embeddable":true,"href":"https:\/\/diarioregionaldigital.com.br\/index.php?rest_route=%2Fwp%2Fv2%2Fcategories&post=86647"},{"taxonomy":"post_tag","embeddable":true,"href":"https:\/\/diarioregionaldigital.com.br\/index.php?rest_route=%2Fwp%2Fv2%2Ftags&post=86647"}],"curies":[{"name":"wp","href":"https:\/\/api.w.org\/{rel}","templated":true}]}}