{"id":86645,"date":"2017-12-04T11:58:08","date_gmt":"2017-12-04T13:58:08","guid":{"rendered":"http:\/\/diarioregionaljf.com.br\/2017\/12\/04\/mulher-e-assaltada-a-mao-armada-no-bairro-santa-efigenia\/"},"modified":"2017-12-04T11:58:08","modified_gmt":"2017-12-04T13:58:08","slug":"mulher-e-assaltada-a-mao-armada-no-bairro-santa-efigenia","status":"publish","type":"post","link":"https:\/\/diarioregionaldigital.com.br\/?p=86645","title":{"rendered":"Mulher \u00e9 assaltada \u00e0 m\u00e3o armada no bairro Santa Efig\u00eania"},"content":{"rendered":"<p>Uma mulher de 44 anos foi assaltada \u00e0 m\u00e3o armada na madrugada desta segunda-feira, 4, no bairro Santa Efig\u00eania, localizado na zona Sul de Juiz de Fora.<\/p>\n<p>De acordo com o registro de ocorr\u00eancias da Pol\u00edcia Militar (PM), a mulher seguia pela Avenida Pedro Afonso Pinheiro, quando foi abordada por um indiv\u00edduo com arma de fogo.<\/p>\n<p>O autor roubou a bolsa da v\u00edtima, contendo seus documentos pessoais. Ap\u00f3s o assalto, fugiu em rumo ignorado. Ele n\u00e3o foi localizado.<\/p>\n","protected":false},"excerpt":{"rendered":"<p>Uma mulher de 44 anos foi assaltada \u00e0 m\u00e3o armada na madrugada desta segunda-feira, 4, no bairro Santa Efig\u00eania, localizado na zona Sul de Juiz de Fora. De acordo com o registro de ocorr\u00eancias da Pol\u00edcia Militar (PM), a mulher seguia pela Avenida Pedro Afonso Pinheiro, quando foi abordada por um indiv\u00edduo com arma de [&hellip;]<\/p>\n","protected":false},"author":96,"featured_media":86644,"comment_status":"closed","ping_status":"closed","sticky":false,"template":"","format":"standard","meta":{"footnotes":""},"categories":[301],"tags":[],"class_list":["post-86645","post","type-post","status-publish","format-standard","has-post-thumbnail","hentry","category-artigos-policiais"],"_links":{"self":[{"href":"https:\/\/diarioregionaldigital.com.br\/index.php?rest_route=\/wp\/v2\/posts\/86645","targetHints":{"allow":["GET"]}}],"collection":[{"href":"https:\/\/diarioregionaldigital.com.br\/index.php?rest_route=\/wp\/v2\/posts"}],"about":[{"href":"https:\/\/diarioregionaldigital.com.br\/index.php?rest_route=\/wp\/v2\/types\/post"}],"author":[{"embeddable":true,"href":"https:\/\/diarioregionaldigital.com.br\/index.php?rest_route=\/wp\/v2\/users\/96"}],"replies":[{"embeddable":true,"href":"https:\/\/diarioregionaldigital.com.br\/index.php?rest_route=%2Fwp%2Fv2%2Fcomments&post=86645"}],"version-history":[{"count":0,"href":"https:\/\/diarioregionaldigital.com.br\/index.php?rest_route=\/wp\/v2\/posts\/86645\/revisions"}],"wp:featuredmedia":[{"embeddable":true,"href":"https:\/\/diarioregionaldigital.com.br\/index.php?rest_route=\/wp\/v2\/media\/86644"}],"wp:attachment":[{"href":"https:\/\/diarioregionaldigital.com.br\/index.php?rest_route=%2Fwp%2Fv2%2Fmedia&parent=86645"}],"wp:term":[{"taxonomy":"category","embeddable":true,"href":"https:\/\/diarioregionaldigital.com.br\/index.php?rest_route=%2Fwp%2Fv2%2Fcategories&post=86645"},{"taxonomy":"post_tag","embeddable":true,"href":"https:\/\/diarioregionaldigital.com.br\/index.php?rest_route=%2Fwp%2Fv2%2Ftags&post=86645"}],"curies":[{"name":"wp","href":"https:\/\/api.w.org\/{rel}","templated":true}]}}