{"id":86643,"date":"2017-12-04T11:40:26","date_gmt":"2017-12-04T13:40:26","guid":{"rendered":"http:\/\/diarioregionaljf.com.br\/2017\/12\/04\/justica-libera-propaganda-do-governo-sobre-reforma-da-previdencia\/"},"modified":"2017-12-04T11:40:26","modified_gmt":"2017-12-04T13:40:26","slug":"justica-libera-propaganda-do-governo-sobre-reforma-da-previdencia","status":"publish","type":"post","link":"https:\/\/diarioregionaldigital.com.br\/?p=86643","title":{"rendered":"Justi\u00e7a libera propaganda do governo sobre reforma da Previd\u00eancia"},"content":{"rendered":"<p>O desembargador Hilton Queiroz, presidente do Tribunal Regional Federal da 1\u00aa Regi\u00e3o (TRF1), derrubou ontem (3) a decis\u00e3o liminar (provis\u00f3ria) que havia suspendido a veicula\u00e7\u00e3o da campanha publicit\u00e1ria do governo federal sobre a reforma da Previd\u00eancia.<\/p>\n<p>Para Queiroz, ao decidir suspender a propaganda da Previd\u00eancia, a ju\u00edza federal Rosimayre Gon\u00e7alves de Carvalho praticou uma \u201cgrave viola\u00e7\u00e3o \u00e0 ordem p\u00fablica\u201d. O desembargador escreveu ainda que a liminar representava \u201cexpl\u00edcita viola\u00e7\u00e3o ao princ\u00edpio constitucional da separa\u00e7\u00e3o de Poderes\u201d.<\/p>\n<p>A suspens\u00e3o da exibi\u00e7\u00e3o das pe\u00e7as publicit\u00e1rias foi solicitada a partir de uma a\u00e7\u00e3o protocolada pela Associa\u00e7\u00e3o Nacional dos Auditores Fiscais da Receita Federal (Anfip), entre outras entidades.<\/p>\n<p>Na decis\u00e3o pela suspens\u00e3o, proferida na semana passada, a ju\u00edza Rosimayre Gon\u00e7alves de Carvalho, da 14\u00aa Vara Federal de Bras\u00edlia, entendeu que o conte\u00fado das pe\u00e7as publicit\u00e1rias veicula desinforma\u00e7\u00f5es.<\/p>\n<p>&#8220;A not\u00edcia leva a popula\u00e7\u00e3o brasileira a acreditar que o verdadeiro motivo do d\u00e9ficit previdenci\u00e1rio \u00e9 decorr\u00eancia exclusiva do regime jur\u00eddico do funcionalismo p\u00fablico, sem observar quaisquer peculiaridades relativas aos servi\u00e7os p\u00fablicos e at\u00e9 mesmo \u00e0s reformas realizadas anteriormente. Essa diretriz conduz a popula\u00e7\u00e3o ao engano de acreditar que apenas os servidores p\u00fablicos ser\u00e3o atingidos pela mudan\u00e7a&#8221;, disse a ju\u00edza.<\/p>\n<p>No dia seguinte \u00e0 suspens\u00e3o, a Advocacia-Geral da Uni\u00e3o recorreu ao TRF1. No pedido, a AGU argumentou ser dever da Uni\u00e3o \u201cdemonstrar \u00e0 popula\u00e7\u00e3o a necessidade de mudan\u00e7a do sistema previdenci\u00e1rio diante da possibilidade concreta de aus\u00eancia de recursos para fazer frente ao pagamento de aposentadorias\u201d.<\/p>\n<p>Trata-se da segunda vez em que uma decis\u00e3o da Justi\u00e7a Federal leva \u00e0 interrup\u00e7\u00e3o da publicidade do governo sobre a reforma da Previd\u00eancia. Em mar\u00e7o, a ju\u00edza Marciane Bonzanini, da 1\u00aa Vara Federal de Porto Alegre, tamb\u00e9m ordenou a suspens\u00e3o das propagandas. A decis\u00e3o acabou revertida pelo TRF4.<\/p>\n<p>Fonte: Ag\u00eancia Brasil<\/p>\n","protected":false},"excerpt":{"rendered":"<p>O desembargador Hilton Queiroz, presidente do Tribunal Regional Federal da 1\u00aa Regi\u00e3o (TRF1), derrubou ontem (3) a decis\u00e3o liminar (provis\u00f3ria) que havia suspendido a veicula\u00e7\u00e3o da campanha publicit\u00e1ria do governo federal sobre a reforma da Previd\u00eancia. Para Queiroz, ao decidir suspender a propaganda da Previd\u00eancia, a ju\u00edza federal Rosimayre Gon\u00e7alves de Carvalho praticou uma \u201cgrave [&hellip;]<\/p>\n","protected":false},"author":96,"featured_media":86642,"comment_status":"closed","ping_status":"closed","sticky":false,"template":"","format":"standard","meta":{"footnotes":""},"categories":[254],"tags":[],"class_list":["post-86643","post","type-post","status-publish","format-standard","has-post-thumbnail","hentry","category-politica"],"_links":{"self":[{"href":"https:\/\/diarioregionaldigital.com.br\/index.php?rest_route=\/wp\/v2\/posts\/86643","targetHints":{"allow":["GET"]}}],"collection":[{"href":"https:\/\/diarioregionaldigital.com.br\/index.php?rest_route=\/wp\/v2\/posts"}],"about":[{"href":"https:\/\/diarioregionaldigital.com.br\/index.php?rest_route=\/wp\/v2\/types\/post"}],"author":[{"embeddable":true,"href":"https:\/\/diarioregionaldigital.com.br\/index.php?rest_route=\/wp\/v2\/users\/96"}],"replies":[{"embeddable":true,"href":"https:\/\/diarioregionaldigital.com.br\/index.php?rest_route=%2Fwp%2Fv2%2Fcomments&post=86643"}],"version-history":[{"count":0,"href":"https:\/\/diarioregionaldigital.com.br\/index.php?rest_route=\/wp\/v2\/posts\/86643\/revisions"}],"wp:featuredmedia":[{"embeddable":true,"href":"https:\/\/diarioregionaldigital.com.br\/index.php?rest_route=\/wp\/v2\/media\/86642"}],"wp:attachment":[{"href":"https:\/\/diarioregionaldigital.com.br\/index.php?rest_route=%2Fwp%2Fv2%2Fmedia&parent=86643"}],"wp:term":[{"taxonomy":"category","embeddable":true,"href":"https:\/\/diarioregionaldigital.com.br\/index.php?rest_route=%2Fwp%2Fv2%2Fcategories&post=86643"},{"taxonomy":"post_tag","embeddable":true,"href":"https:\/\/diarioregionaldigital.com.br\/index.php?rest_route=%2Fwp%2Fv2%2Ftags&post=86643"}],"curies":[{"name":"wp","href":"https:\/\/api.w.org\/{rel}","templated":true}]}}