{"id":86635,"date":"2017-12-04T11:10:05","date_gmt":"2017-12-04T13:10:05","guid":{"rendered":"http:\/\/diarioregionaljf.com.br\/2017\/12\/04\/temer-reune-presidentes-de-partidos-e-pede-apoio-a-reforma-da-previdencia\/"},"modified":"2017-12-04T11:10:05","modified_gmt":"2017-12-04T13:10:05","slug":"temer-reune-presidentes-de-partidos-e-pede-apoio-a-reforma-da-previdencia","status":"publish","type":"post","link":"https:\/\/diarioregionaldigital.com.br\/?p=86635","title":{"rendered":"Temer re\u00fane presidentes de partidos e pede apoio \u00e0 reforma da Previd\u00eancia"},"content":{"rendered":"<p>O presidente Michel Temer reuniu-se na noite de hoje (03) com o presidente da C\u00e2mara, deputado Rodrigo Maia (DEM-RJ), e com presidentes de partidos da base governista para tratar da vota\u00e7\u00e3o da reforma da Previd\u00eancia.<\/p>\n<p>Durante a reuni\u00e3o, o presidente Temer pediu apoio aos presidentes e lideran\u00e7as partid\u00e1rias para aprova\u00e7\u00e3o da reforma em an\u00e1lise na C\u00e2mara dos Deputados. De acordo com o vice-l\u00edder do governo, deputado Darc\u00edsio Perondi (PMDB-RS), o presidente foi claro ao afirmar que, se a reforma n\u00e3o for aprovada, pode estancar e prejudicar a retomada do crescimento econ\u00f4mico do Brasil.<\/p>\n<p>O presidente da C\u00e2mara disse que a reuni\u00e3o foi muito proveitosa e serviu para uma avalia\u00e7\u00e3o da vota\u00e7\u00e3o da proposta com a maioria dos presidentes de partidos da base aliada.<br \/>&#8220;A gente sai da reuni\u00e3o de hoje com a expectativa muito grande de conseguir reunir os votos dos partidos da base, que somam mais de 320 votos [na vota\u00e7\u00e3o da reforma da previd\u00eancia]. Acho que podemos, de forma organizada, ter condi\u00e7\u00f5es de trabalhar a vota\u00e7\u00e3o da previd\u00eancia&#8221;, disse Rodrigo Maia.<\/p>\n<p>Segundo o presidente da C\u00e2mara, os presidentes e l\u00edderes partid\u00e1rios tiveram a oportunidade de falar sobre a vota\u00e7\u00e3o e alguns chegaram a levantar a possibilidade de fechar quest\u00e3o a favor da aprova\u00e7\u00e3o da mat\u00e9ria.<\/p>\n<p>&#8220;A gente conseguiu organizar a base para construir nessa semana as condi\u00e7\u00f5es necess\u00e1rias para votar a reforma da Previd\u00eancia. Acho que o compromisso de todos os partidos \u00e9 trabalhar suas bancadas, alguns fechando quest\u00e3o, outros no convencimento, mas com a certeza de que todos trabalhar\u00e3i de hoje at\u00e9 quarta ou quinta-feira pr\u00f3ximas para votar a proposta&#8221;.<\/p>\n<p>De acordo com o deputado Rodrigo Maia, j\u00e1 h\u00e1 um ambiente das principais lideran\u00e7as e presid\u00eancias dos partidos da base sobre a import\u00e2ncia e urg\u00eancia de votar a reforma. &#8220;Com essa consci\u00eancia, nosso trabalho ficar\u00e1 mais f\u00e1cil. Farei o que estiver ao meu alcance para aprov\u00e1-la.&#8221;<\/p>\n<p>Maia afirmou disse acreditar em condi\u00e7\u00f5es favor\u00e1veis para aprovar a reforma previdenci\u00e1ria ainda este ano. A inten\u00e7\u00e3o das lideran\u00e7as governistas e do pr\u00f3prio presidente da C\u00e2mara \u00e9 votar a mat\u00e9ria na pr\u00f3xima semana.<\/p>\n<p>O vice-l\u00edder Perondi informou que compareceram \u00e0 reuni\u00e3o, seguida de jantar na resid\u00eancia oficial da presid\u00eancia da C\u00e2mara, 11 presidnetes de partidos da base governista, l\u00edderes aliados, ministros, t\u00e9cnicos da Previd\u00eancia, deputados e senadores.<\/p>\n<p>Conforme Perondi, o governo ainda n\u00e3o tem os votos suficientes para aprovar a reforma, mas disse acreditar que os votos est\u00e3o aumentando. S\u00e3o necess\u00e1rios 308 votos para aprovar a reforma.<\/p>\n<p>Fonte: Ag\u00eancia Brasil<\/p>\n","protected":false},"excerpt":{"rendered":"<p>O presidente Michel Temer reuniu-se na noite de hoje (03) com o presidente da C\u00e2mara, deputado Rodrigo Maia (DEM-RJ), e com presidentes de partidos da base governista para tratar da vota\u00e7\u00e3o da reforma da Previd\u00eancia. Durante a reuni\u00e3o, o presidente Temer pediu apoio aos presidentes e lideran\u00e7as partid\u00e1rias para aprova\u00e7\u00e3o da reforma em an\u00e1lise na [&hellip;]<\/p>\n","protected":false},"author":96,"featured_media":86634,"comment_status":"closed","ping_status":"closed","sticky":false,"template":"","format":"standard","meta":{"footnotes":""},"categories":[254],"tags":[],"class_list":["post-86635","post","type-post","status-publish","format-standard","has-post-thumbnail","hentry","category-politica"],"_links":{"self":[{"href":"https:\/\/diarioregionaldigital.com.br\/index.php?rest_route=\/wp\/v2\/posts\/86635","targetHints":{"allow":["GET"]}}],"collection":[{"href":"https:\/\/diarioregionaldigital.com.br\/index.php?rest_route=\/wp\/v2\/posts"}],"about":[{"href":"https:\/\/diarioregionaldigital.com.br\/index.php?rest_route=\/wp\/v2\/types\/post"}],"author":[{"embeddable":true,"href":"https:\/\/diarioregionaldigital.com.br\/index.php?rest_route=\/wp\/v2\/users\/96"}],"replies":[{"embeddable":true,"href":"https:\/\/diarioregionaldigital.com.br\/index.php?rest_route=%2Fwp%2Fv2%2Fcomments&post=86635"}],"version-history":[{"count":0,"href":"https:\/\/diarioregionaldigital.com.br\/index.php?rest_route=\/wp\/v2\/posts\/86635\/revisions"}],"wp:featuredmedia":[{"embeddable":true,"href":"https:\/\/diarioregionaldigital.com.br\/index.php?rest_route=\/wp\/v2\/media\/86634"}],"wp:attachment":[{"href":"https:\/\/diarioregionaldigital.com.br\/index.php?rest_route=%2Fwp%2Fv2%2Fmedia&parent=86635"}],"wp:term":[{"taxonomy":"category","embeddable":true,"href":"https:\/\/diarioregionaldigital.com.br\/index.php?rest_route=%2Fwp%2Fv2%2Fcategories&post=86635"},{"taxonomy":"post_tag","embeddable":true,"href":"https:\/\/diarioregionaldigital.com.br\/index.php?rest_route=%2Fwp%2Fv2%2Ftags&post=86635"}],"curies":[{"name":"wp","href":"https:\/\/api.w.org\/{rel}","templated":true}]}}