{"id":86633,"date":"2017-12-04T10:59:29","date_gmt":"2017-12-04T12:59:29","guid":{"rendered":"http:\/\/diarioregionaljf.com.br\/2017\/12\/04\/motorista-tem-carro-roubado-ao-parar-em-semaforo-na-benjamin-constant\/"},"modified":"2017-12-04T10:59:29","modified_gmt":"2017-12-04T12:59:29","slug":"motorista-tem-carro-roubado-ao-parar-em-semaforo-na-benjamin-constant","status":"publish","type":"post","link":"https:\/\/diarioregionaldigital.com.br\/?p=86633","title":{"rendered":"Motorista tem carro roubado ao parar em sem\u00e1foro na Benjamin Constant"},"content":{"rendered":"<p>Um motorista teve seu carro roubado ao parar em um sem\u00e1foro, na manh\u00e3 deste domingo, 3. O crime ocorreu na regi\u00e3o central de Juiz de Fora.<\/p>\n<p>De acordo com registro de ocorr\u00eancias da Pol\u00edcia Militar (PM), o motorista, de 38 anos, seguia pela Rua Benjamin Constant com seu ve\u00edculo, marca VW Parati, quando foi abordado por dois indiv\u00edduos ao ter que parar em um sem\u00e1foro.<\/p>\n<p>Os dois homens, um deles armado com uma pistola, se aproximaram da porta do motorista e com amea\u00e7as exigiram que o mesmo entregasse o carro. Nesse momento, outros tr\u00eas indiv\u00edduos se aproximaram pela parte direita do carro e tamb\u00e9m entraram no ve\u00edculo. Ap\u00f3s o assalto, os grupos arrancaram com o carro e fugiram.<\/p>\n<p>Em relato \u00e0 PM, o motorista explicou que o ve\u00edculo possui seguro contra roubos e estava com combust\u00edvel na reserva.<\/p>\n<p>Foram realizadas buscas pela regi\u00e3o, mas nem os autores e nem o carro foram localizados.<\/p>\n","protected":false},"excerpt":{"rendered":"<p>Um motorista teve seu carro roubado ao parar em um sem\u00e1foro, na manh\u00e3 deste domingo, 3. O crime ocorreu na regi\u00e3o central de Juiz de Fora. De acordo com registro de ocorr\u00eancias da Pol\u00edcia Militar (PM), o motorista, de 38 anos, seguia pela Rua Benjamin Constant com seu ve\u00edculo, marca VW Parati, quando foi abordado [&hellip;]<\/p>\n","protected":false},"author":96,"featured_media":86632,"comment_status":"closed","ping_status":"closed","sticky":false,"template":"","format":"standard","meta":{"footnotes":""},"categories":[301],"tags":[],"class_list":["post-86633","post","type-post","status-publish","format-standard","has-post-thumbnail","hentry","category-artigos-policiais"],"_links":{"self":[{"href":"https:\/\/diarioregionaldigital.com.br\/index.php?rest_route=\/wp\/v2\/posts\/86633","targetHints":{"allow":["GET"]}}],"collection":[{"href":"https:\/\/diarioregionaldigital.com.br\/index.php?rest_route=\/wp\/v2\/posts"}],"about":[{"href":"https:\/\/diarioregionaldigital.com.br\/index.php?rest_route=\/wp\/v2\/types\/post"}],"author":[{"embeddable":true,"href":"https:\/\/diarioregionaldigital.com.br\/index.php?rest_route=\/wp\/v2\/users\/96"}],"replies":[{"embeddable":true,"href":"https:\/\/diarioregionaldigital.com.br\/index.php?rest_route=%2Fwp%2Fv2%2Fcomments&post=86633"}],"version-history":[{"count":0,"href":"https:\/\/diarioregionaldigital.com.br\/index.php?rest_route=\/wp\/v2\/posts\/86633\/revisions"}],"wp:featuredmedia":[{"embeddable":true,"href":"https:\/\/diarioregionaldigital.com.br\/index.php?rest_route=\/wp\/v2\/media\/86632"}],"wp:attachment":[{"href":"https:\/\/diarioregionaldigital.com.br\/index.php?rest_route=%2Fwp%2Fv2%2Fmedia&parent=86633"}],"wp:term":[{"taxonomy":"category","embeddable":true,"href":"https:\/\/diarioregionaldigital.com.br\/index.php?rest_route=%2Fwp%2Fv2%2Fcategories&post=86633"},{"taxonomy":"post_tag","embeddable":true,"href":"https:\/\/diarioregionaldigital.com.br\/index.php?rest_route=%2Fwp%2Fv2%2Ftags&post=86633"}],"curies":[{"name":"wp","href":"https:\/\/api.w.org\/{rel}","templated":true}]}}