{"id":86631,"date":"2017-12-02T22:25:59","date_gmt":"2017-12-03T00:25:59","guid":{"rendered":"http:\/\/diarioregionaljf.com.br\/2017\/12\/02\/familia-morre-em-acidente-de-carro-na-br-116\/"},"modified":"2017-12-02T22:25:59","modified_gmt":"2017-12-03T00:25:59","slug":"familia-morre-em-acidente-de-carro-na-br-116","status":"publish","type":"post","link":"https:\/\/diarioregionaldigital.com.br\/?p=86631","title":{"rendered":"Fam\u00edlia morre em acidente de carro na BR-116"},"content":{"rendered":"<p>Um casal e o filho de aproximadamente 3 anos morreram ap\u00f3s o carro que eles estavam cair em um rio pr\u00f3ximo a BR-116 nesse s\u00e1bado, 2. Uma equipe do Corpo de Bombeiros foi acionada para um salvamento em um sitio as margens da rodovia, no per\u00edmetro urbano de Miradouro. No local, foi visto uma cerca quebrada e peda\u00e7os do para-choque de um autom\u00f3vel Toyota Corolla dando ind\u00edcios que um carro perdeu o controle veio a sair da pista e despencou em um barranco de aproximadamente 40m.. O trajeto feito pelo carro conduz at\u00e9 o rio que passa em uma propriedade particular.<\/p>\n<p>Os bombeiros deslocaram para o local por volta das 11h e iniciaram os trabalhos. Fator complicador durante a opera\u00e7\u00e3o foi a cheia do rio devido \u00e0s intensas chuvas que ca\u00edram na regi\u00e3o durante a semana. As \u00e1guas est\u00e3o com n\u00edvel alto e com fortes de correntezas.<\/p>\n<p>As buscas se encerraram por volta das 17:30h, quando os militares conseguiram localizar o veiculo. As v\u00edtimas estavam no interior do carro.<\/p>\n<p>A Pol\u00edcia Militar (PM) e a per\u00edcia t\u00e9cnica foram acionadas, at\u00e9 o momento n\u00e3o se sabe as causas do acidente.<\/p>\n<p>Fonte: Assessoria<\/p>\n","protected":false},"excerpt":{"rendered":"<p>Um casal e o filho de aproximadamente 3 anos morreram ap\u00f3s o carro que eles estavam cair em um rio pr\u00f3ximo a BR-116 nesse s\u00e1bado, 2. Uma equipe do Corpo de Bombeiros foi acionada para um salvamento em um sitio as margens da rodovia, no per\u00edmetro urbano de Miradouro. No local, foi visto uma cerca [&hellip;]<\/p>\n","protected":false},"author":96,"featured_media":86630,"comment_status":"closed","ping_status":"closed","sticky":false,"template":"","format":"standard","meta":{"footnotes":""},"categories":[252],"tags":[],"class_list":["post-86631","post","type-post","status-publish","format-standard","has-post-thumbnail","hentry","category-regiao"],"_links":{"self":[{"href":"https:\/\/diarioregionaldigital.com.br\/index.php?rest_route=\/wp\/v2\/posts\/86631","targetHints":{"allow":["GET"]}}],"collection":[{"href":"https:\/\/diarioregionaldigital.com.br\/index.php?rest_route=\/wp\/v2\/posts"}],"about":[{"href":"https:\/\/diarioregionaldigital.com.br\/index.php?rest_route=\/wp\/v2\/types\/post"}],"author":[{"embeddable":true,"href":"https:\/\/diarioregionaldigital.com.br\/index.php?rest_route=\/wp\/v2\/users\/96"}],"replies":[{"embeddable":true,"href":"https:\/\/diarioregionaldigital.com.br\/index.php?rest_route=%2Fwp%2Fv2%2Fcomments&post=86631"}],"version-history":[{"count":0,"href":"https:\/\/diarioregionaldigital.com.br\/index.php?rest_route=\/wp\/v2\/posts\/86631\/revisions"}],"wp:featuredmedia":[{"embeddable":true,"href":"https:\/\/diarioregionaldigital.com.br\/index.php?rest_route=\/wp\/v2\/media\/86630"}],"wp:attachment":[{"href":"https:\/\/diarioregionaldigital.com.br\/index.php?rest_route=%2Fwp%2Fv2%2Fmedia&parent=86631"}],"wp:term":[{"taxonomy":"category","embeddable":true,"href":"https:\/\/diarioregionaldigital.com.br\/index.php?rest_route=%2Fwp%2Fv2%2Fcategories&post=86631"},{"taxonomy":"post_tag","embeddable":true,"href":"https:\/\/diarioregionaldigital.com.br\/index.php?rest_route=%2Fwp%2Fv2%2Ftags&post=86631"}],"curies":[{"name":"wp","href":"https:\/\/api.w.org\/{rel}","templated":true}]}}