{"id":86629,"date":"2017-12-02T13:47:55","date_gmt":"2017-12-02T15:47:55","guid":{"rendered":"http:\/\/diarioregionaljf.com.br\/2017\/12\/02\/eleicao-de-2018-tera-somente-30-mil-urnas-eletronicas-com-voto-impresso\/"},"modified":"2017-12-02T13:47:55","modified_gmt":"2017-12-02T15:47:55","slug":"eleicao-de-2018-tera-somente-30-mil-urnas-eletronicas-com-voto-impresso","status":"publish","type":"post","link":"https:\/\/diarioregionaldigital.com.br\/?p=86629","title":{"rendered":"Elei\u00e7\u00e3o de 2018 ter\u00e1 somente 30 mil urnas eletr\u00f4nicas com voto impresso"},"content":{"rendered":"<p>O ministro Gilmar Mendes, presidente do Tribunal Superior Eleitoral (TSE), confirmou nessa sexta-feira, 1\u00ba de dezembro, que somente em torno de 30 mil urnas eletr\u00f4nicas estar\u00e3o aptas a emitir o voto impresso nas elei\u00e7\u00f5es do ano que vem.<\/p>\n<p>\u201cEstamos estimando em torno disso\u201d, afirmou Mendes. \u201cN\u00e3o temos condi\u00e7\u00f5es nem recursos\u201d, acrescentou o ministro sobre a implanta\u00e7\u00e3o do voto impresso em todas as cerca de 600 mil urnas eletr\u00f4nicas que ser\u00e3o utilizadas em 2018. \u201cVamos comunicar ao Congresso\u201d.<\/p>\n<p>O ministro foi questionado por jornalistas ap\u00f3s a informa\u00e7\u00e3o ter sido antecipada pela colunista M\u00f4nica Bergamo, do jornal Folha de S. Paulo, nesta sexta-feira.<\/p>\n<p>A implanta\u00e7\u00e3o do voto impresso nas elei\u00e7\u00f5es de 2018 foi aprovada pelos parlamentares no ano passado. Na ocasi\u00e3o, o custo da implanta\u00e7\u00e3o integral foi estimado pelo TSE em R$1,8 bilh\u00e3o.<\/p>\n<p>Pela lei aprovada, em nenhum momento o eleitor ter\u00e1 contato com seu voto impresso, que ser\u00e1 depositado em uma urna f\u00edsica para ser utilizado posteriormente em eventual auditoria das elei\u00e7\u00f5es.<\/p>\n<p>Fonte: Ag\u00eancia Brasil<\/p>\n","protected":false},"excerpt":{"rendered":"<p>O ministro Gilmar Mendes, presidente do Tribunal Superior Eleitoral (TSE), confirmou nessa sexta-feira, 1\u00ba de dezembro, que somente em torno de 30 mil urnas eletr\u00f4nicas estar\u00e3o aptas a emitir o voto impresso nas elei\u00e7\u00f5es do ano que vem. \u201cEstamos estimando em torno disso\u201d, afirmou Mendes. \u201cN\u00e3o temos condi\u00e7\u00f5es nem recursos\u201d, acrescentou o ministro sobre a [&hellip;]<\/p>\n","protected":false},"author":96,"featured_media":86628,"comment_status":"closed","ping_status":"closed","sticky":false,"template":"","format":"standard","meta":{"footnotes":""},"categories":[254],"tags":[],"class_list":["post-86629","post","type-post","status-publish","format-standard","has-post-thumbnail","hentry","category-politica"],"_links":{"self":[{"href":"https:\/\/diarioregionaldigital.com.br\/index.php?rest_route=\/wp\/v2\/posts\/86629","targetHints":{"allow":["GET"]}}],"collection":[{"href":"https:\/\/diarioregionaldigital.com.br\/index.php?rest_route=\/wp\/v2\/posts"}],"about":[{"href":"https:\/\/diarioregionaldigital.com.br\/index.php?rest_route=\/wp\/v2\/types\/post"}],"author":[{"embeddable":true,"href":"https:\/\/diarioregionaldigital.com.br\/index.php?rest_route=\/wp\/v2\/users\/96"}],"replies":[{"embeddable":true,"href":"https:\/\/diarioregionaldigital.com.br\/index.php?rest_route=%2Fwp%2Fv2%2Fcomments&post=86629"}],"version-history":[{"count":0,"href":"https:\/\/diarioregionaldigital.com.br\/index.php?rest_route=\/wp\/v2\/posts\/86629\/revisions"}],"wp:featuredmedia":[{"embeddable":true,"href":"https:\/\/diarioregionaldigital.com.br\/index.php?rest_route=\/wp\/v2\/media\/86628"}],"wp:attachment":[{"href":"https:\/\/diarioregionaldigital.com.br\/index.php?rest_route=%2Fwp%2Fv2%2Fmedia&parent=86629"}],"wp:term":[{"taxonomy":"category","embeddable":true,"href":"https:\/\/diarioregionaldigital.com.br\/index.php?rest_route=%2Fwp%2Fv2%2Fcategories&post=86629"},{"taxonomy":"post_tag","embeddable":true,"href":"https:\/\/diarioregionaldigital.com.br\/index.php?rest_route=%2Fwp%2Fv2%2Ftags&post=86629"}],"curies":[{"name":"wp","href":"https:\/\/api.w.org\/{rel}","templated":true}]}}