{"id":86627,"date":"2017-12-02T13:36:26","date_gmt":"2017-12-02T15:36:26","guid":{"rendered":"http:\/\/diarioregionaljf.com.br\/2017\/12\/02\/homem-e-preso-por-trafico-de-drogas-no-parque-guarani\/"},"modified":"2017-12-02T13:36:26","modified_gmt":"2017-12-02T15:36:26","slug":"homem-e-preso-por-trafico-de-drogas-no-parque-guarani","status":"publish","type":"post","link":"https:\/\/diarioregionaldigital.com.br\/?p=86627","title":{"rendered":"Homem \u00e9 preso por tr\u00e1fico de drogas no Parque Guarani"},"content":{"rendered":"<p>Um homem de 25 anos foi preso por tr\u00e1fico de drogas na Rua Senador Milton Campos, situada no bairro Parque Guarani, zona Nordeste. Os militares foram a resid\u00eancia do indiv\u00edduo para cumprir um mandado de busca e apreens\u00e3o, em decorr\u00eancia da opera\u00e7\u00e3o Adventus.<\/p>\n<p>Ao chegar na resid\u00eancia, os policiais solicitaram ao homem que abrisse a porta, que foi informado sobre a ordem judicial. O autor se negou a abrir o port\u00e3o e correu para o interior da casa, por isso, os militares arrombaram o port\u00e3o.<\/p>\n<p>O autor foi localizado nos fundos da casa, pr\u00f3ximo ao banheiro, e foi contido pelos policiais. Ap\u00f3s a leitura do mandado, os militares iniciaram as buscas pela resid\u00eancia. No quarto do infrator foram encontrados duas pedras de crack, celulares e R$45, e no quarto da m\u00e3e dele, foram encontrados R$1.010 dentro do guarda-roupa.<\/p>\n<p>O homem foi preso e encaminhado a delegacia.<\/p>\n","protected":false},"excerpt":{"rendered":"<p>Um homem de 25 anos foi preso por tr\u00e1fico de drogas na Rua Senador Milton Campos, situada no bairro Parque Guarani, zona Nordeste. Os militares foram a resid\u00eancia do indiv\u00edduo para cumprir um mandado de busca e apreens\u00e3o, em decorr\u00eancia da opera\u00e7\u00e3o Adventus. Ao chegar na resid\u00eancia, os policiais solicitaram ao homem que abrisse a [&hellip;]<\/p>\n","protected":false},"author":96,"featured_media":86626,"comment_status":"closed","ping_status":"closed","sticky":false,"template":"","format":"standard","meta":{"footnotes":""},"categories":[301],"tags":[],"class_list":["post-86627","post","type-post","status-publish","format-standard","has-post-thumbnail","hentry","category-artigos-policiais"],"_links":{"self":[{"href":"https:\/\/diarioregionaldigital.com.br\/index.php?rest_route=\/wp\/v2\/posts\/86627","targetHints":{"allow":["GET"]}}],"collection":[{"href":"https:\/\/diarioregionaldigital.com.br\/index.php?rest_route=\/wp\/v2\/posts"}],"about":[{"href":"https:\/\/diarioregionaldigital.com.br\/index.php?rest_route=\/wp\/v2\/types\/post"}],"author":[{"embeddable":true,"href":"https:\/\/diarioregionaldigital.com.br\/index.php?rest_route=\/wp\/v2\/users\/96"}],"replies":[{"embeddable":true,"href":"https:\/\/diarioregionaldigital.com.br\/index.php?rest_route=%2Fwp%2Fv2%2Fcomments&post=86627"}],"version-history":[{"count":0,"href":"https:\/\/diarioregionaldigital.com.br\/index.php?rest_route=\/wp\/v2\/posts\/86627\/revisions"}],"wp:featuredmedia":[{"embeddable":true,"href":"https:\/\/diarioregionaldigital.com.br\/index.php?rest_route=\/wp\/v2\/media\/86626"}],"wp:attachment":[{"href":"https:\/\/diarioregionaldigital.com.br\/index.php?rest_route=%2Fwp%2Fv2%2Fmedia&parent=86627"}],"wp:term":[{"taxonomy":"category","embeddable":true,"href":"https:\/\/diarioregionaldigital.com.br\/index.php?rest_route=%2Fwp%2Fv2%2Fcategories&post=86627"},{"taxonomy":"post_tag","embeddable":true,"href":"https:\/\/diarioregionaldigital.com.br\/index.php?rest_route=%2Fwp%2Fv2%2Ftags&post=86627"}],"curies":[{"name":"wp","href":"https:\/\/api.w.org\/{rel}","templated":true}]}}