{"id":86623,"date":"2017-12-02T12:46:19","date_gmt":"2017-12-02T14:46:19","guid":{"rendered":"http:\/\/diarioregionaljf.com.br\/2017\/12\/02\/trio-e-detido-por-receptacao-de-joias-no-cesario-alvim\/"},"modified":"2017-12-02T12:46:19","modified_gmt":"2017-12-02T14:46:19","slug":"trio-e-detido-por-receptacao-de-joias-no-cesario-alvim","status":"publish","type":"post","link":"https:\/\/diarioregionaldigital.com.br\/?p=86623","title":{"rendered":"Trio \u00e9 detido por recepta\u00e7\u00e3o de joias no Ces\u00e1rio Alvim"},"content":{"rendered":"<p>Tr\u00eas homens, sendo um de 17 anos, foram detidos por recepta\u00e7\u00e3o de joias na manh\u00e3 dessa sexta-feira, 1\u00ba de dezembro, no bairro Ces\u00e1rio Alvim, zona Leste. Durante averigua\u00e7\u00e3o de um roubo de uma joalheria no munic\u00edpio de Lima Duarte, a Pol\u00edcia Militar (PM) foi informada que o chefe da quadrilha, que teria cometido o crime, e o grupo estariam em uma resid\u00eancia abandonada no bairro.<\/p>\n<p>Os militares foram at\u00e9 o local e presenciaram o momento em que tr\u00eas homens desembarcaram de um ve\u00edculo VW gol e subiram um escad\u00e3o que d\u00e1 acesso \u00e0 casa abandonada. O condutor do autom\u00f3vel estava com uma mochila.<\/p>\n<p>Ap\u00f3s alguns minutos, dois dos indiv\u00edduos retornaram ao ve\u00edculo e foram abordados pelos policiais. Durante as buscas, os militares encontraram um deles usando um anel folheado a ouro e v\u00e1rias etiquetas referentes a pre\u00e7os de joias no interior do carro.<\/p>\n<p>Em seguida, os militares foram at\u00e9 a resid\u00eancia e encontraram um homem que tinhas tr\u00eas an\u00e9is de prata. Ele relatou que comprou os an\u00e9is por R$50, sendo que o valor de um deles seria de R$417. O homem tamb\u00e9m disse que eles teriam usado drogas, momento que teriam feito a negocia\u00e7\u00e3o das joias. Com a chegada dos militares no im\u00f3vel, eles perceberam que o chefe da quadrilha tinha fugido.<\/p>\n<p>Os policiais realizaram buscas na casa e encontraram a mochila escondida embaixo da pia da cozinha, e ao verificar foram localizadas diversas joias.<br \/>Na delegacia, a propriet\u00e1ria da joalheria reconheceu as pe\u00e7as, por\u00e9m n\u00e3o pode reconhecer os autores, pois o fato teria ocorrido durante a noite e o sistema de filmagens n\u00e3o estava funcionando.<\/p>\n<p>Diante dos fatos, foi dada voz de pris\u00e3o aos autores e voz de apreens\u00e3o ao adolescente. O chefe da quadrilha n\u00e3o foi localizado.<\/p>\n","protected":false},"excerpt":{"rendered":"<p>Tr\u00eas homens, sendo um de 17 anos, foram detidos por recepta\u00e7\u00e3o de joias na manh\u00e3 dessa sexta-feira, 1\u00ba de dezembro, no bairro Ces\u00e1rio Alvim, zona Leste. Durante averigua\u00e7\u00e3o de um roubo de uma joalheria no munic\u00edpio de Lima Duarte, a Pol\u00edcia Militar (PM) foi informada que o chefe da quadrilha, que teria cometido o crime, [&hellip;]<\/p>\n","protected":false},"author":96,"featured_media":86622,"comment_status":"closed","ping_status":"closed","sticky":false,"template":"","format":"standard","meta":{"footnotes":""},"categories":[301],"tags":[],"class_list":["post-86623","post","type-post","status-publish","format-standard","has-post-thumbnail","hentry","category-artigos-policiais"],"_links":{"self":[{"href":"https:\/\/diarioregionaldigital.com.br\/index.php?rest_route=\/wp\/v2\/posts\/86623","targetHints":{"allow":["GET"]}}],"collection":[{"href":"https:\/\/diarioregionaldigital.com.br\/index.php?rest_route=\/wp\/v2\/posts"}],"about":[{"href":"https:\/\/diarioregionaldigital.com.br\/index.php?rest_route=\/wp\/v2\/types\/post"}],"author":[{"embeddable":true,"href":"https:\/\/diarioregionaldigital.com.br\/index.php?rest_route=\/wp\/v2\/users\/96"}],"replies":[{"embeddable":true,"href":"https:\/\/diarioregionaldigital.com.br\/index.php?rest_route=%2Fwp%2Fv2%2Fcomments&post=86623"}],"version-history":[{"count":0,"href":"https:\/\/diarioregionaldigital.com.br\/index.php?rest_route=\/wp\/v2\/posts\/86623\/revisions"}],"wp:featuredmedia":[{"embeddable":true,"href":"https:\/\/diarioregionaldigital.com.br\/index.php?rest_route=\/wp\/v2\/media\/86622"}],"wp:attachment":[{"href":"https:\/\/diarioregionaldigital.com.br\/index.php?rest_route=%2Fwp%2Fv2%2Fmedia&parent=86623"}],"wp:term":[{"taxonomy":"category","embeddable":true,"href":"https:\/\/diarioregionaldigital.com.br\/index.php?rest_route=%2Fwp%2Fv2%2Fcategories&post=86623"},{"taxonomy":"post_tag","embeddable":true,"href":"https:\/\/diarioregionaldigital.com.br\/index.php?rest_route=%2Fwp%2Fv2%2Ftags&post=86623"}],"curies":[{"name":"wp","href":"https:\/\/api.w.org\/{rel}","templated":true}]}}