{"id":86621,"date":"2017-12-02T12:05:23","date_gmt":"2017-12-02T14:05:23","guid":{"rendered":"http:\/\/diarioregionaljf.com.br\/2017\/12\/02\/saiba-como-ficaram-os-grupos-para-a-copa-2018-na-russia\/"},"modified":"2017-12-02T12:05:23","modified_gmt":"2017-12-02T14:05:23","slug":"saiba-como-ficaram-os-grupos-para-a-copa-2018-na-russia","status":"publish","type":"post","link":"https:\/\/diarioregionaldigital.com.br\/?p=86621","title":{"rendered":"Saiba como ficaram os grupos para a Copa 2018 na R\u00fassia"},"content":{"rendered":"<p>Nessa sexta-feira, 1\u00ba de dezembro, \u00e0s 13h, hor\u00e1rio de Bras\u00edlia (18h em Moscou), foram definidos os oito grupos da primeira etapa da Copa do Mundo. O Brasil est\u00e1 no Grupo E, junto com Su\u00ed\u00e7a, Costa Rica e S\u00e9rvia. O grupo do Brasil \u00e9 o que soma o maior n\u00famero de pontos no ranking da Fifa. Foram 4.415 pontos, sendo 1.619 do Brasil, 1.134 da Sui\u00e7a, 914 da Costa Rica e 748 da S\u00e9rvia.<\/p>\n<p>O jogo de estreia da sele\u00e7\u00e3o canarinho ser\u00e1 contra a Su\u00ed\u00e7a. O jogo ser\u00e1 no dia 17 de junho, em Rostov-on-Don. As sele\u00e7\u00f5es s\u00f3 se encontraram uma vez em Copas. Na Copa de 50, em S\u00e3o Paulo.<\/p>\n<p>J\u00e1 Brasil e Costa Rica se enfrentaram duas vezes na hist\u00f3ria dos mundiais. Sendo duas vit\u00f3rias do Brasil. S\u00e3o seis gols para o Brasil, contra dois no saldo de Costa Rica.<\/p>\n<p>Brasil e S\u00e9rvia, por sua vez, j\u00e1 fizeram quatro jogos em mundiais. O Brasil obteve uma vit\u00f3ria, uma derrota e dois empates. No hist\u00f3ria das Copas, s\u00e3o quatro gols da sele\u00e7\u00e3o brasileira e tr\u00eas dos s\u00e9rvios.<\/p>\n<h4>VEJA COMO FICARAM OS GRUPOS:<\/h4>\n<h5>Grupo A<\/h5>\n<p>R\u00fassia, Ar\u00e1bia Saudita, Egito, Uruguai<\/p>\n<p>&nbsp;<\/p>\n<h5>Grupo B<\/h5>\n<p>Portugal, Espanha, Marrocos, Ir\u00e3<\/p>\n<p>&nbsp;<\/p>\n<h5>Grupo C<\/h5>\n<p>Fran\u00e7a, Austr\u00e1lia, Peru, Dinamarca<\/p>\n<p>&nbsp;<\/p>\n<h5>Grupo D<\/h5>\n<p>Argentina, Isl\u00e2ndia, Cro\u00e1cia, Nig\u00e9ria<\/p>\n<p>&nbsp;<\/p>\n<h5>Grupo E<\/h5>\n<p>Brasil, Su\u00ed\u00e7a, Costa Rica, S\u00e9rvia<\/p>\n<p>&nbsp;<\/p>\n<h5>Grupo F<\/h5>\n<p>Alemanha, M\u00e9xico, Su\u00e9cia e Coreia do Sul<\/p>\n<p>&nbsp;<\/p>\n<h5>Grupo G<\/h5>\n<p>B\u00e9lgica, Panam\u00e1, Tun\u00edsia, Inglaterra<\/p>\n<p>&nbsp;<\/p>\n<h5>Grupo H<\/h5>\n<p>Pol\u00f4nia, Senegal, Col\u00f4mbia e Jap\u00e3o<\/p>\n<p>Fonte: Ag\u00eancia Brasil<\/p>\n","protected":false},"excerpt":{"rendered":"<p>Nessa sexta-feira, 1\u00ba de dezembro, \u00e0s 13h, hor\u00e1rio de Bras\u00edlia (18h em Moscou), foram definidos os oito grupos da primeira etapa da Copa do Mundo. O Brasil est\u00e1 no Grupo E, junto com Su\u00ed\u00e7a, Costa Rica e S\u00e9rvia. O grupo do Brasil \u00e9 o que soma o maior n\u00famero de pontos no ranking da Fifa. [&hellip;]<\/p>\n","protected":false},"author":96,"featured_media":86620,"comment_status":"closed","ping_status":"closed","sticky":false,"template":"","format":"standard","meta":{"footnotes":""},"categories":[257],"tags":[],"class_list":["post-86621","post","type-post","status-publish","format-standard","has-post-thumbnail","hentry","category-esporte"],"_links":{"self":[{"href":"https:\/\/diarioregionaldigital.com.br\/index.php?rest_route=\/wp\/v2\/posts\/86621","targetHints":{"allow":["GET"]}}],"collection":[{"href":"https:\/\/diarioregionaldigital.com.br\/index.php?rest_route=\/wp\/v2\/posts"}],"about":[{"href":"https:\/\/diarioregionaldigital.com.br\/index.php?rest_route=\/wp\/v2\/types\/post"}],"author":[{"embeddable":true,"href":"https:\/\/diarioregionaldigital.com.br\/index.php?rest_route=\/wp\/v2\/users\/96"}],"replies":[{"embeddable":true,"href":"https:\/\/diarioregionaldigital.com.br\/index.php?rest_route=%2Fwp%2Fv2%2Fcomments&post=86621"}],"version-history":[{"count":0,"href":"https:\/\/diarioregionaldigital.com.br\/index.php?rest_route=\/wp\/v2\/posts\/86621\/revisions"}],"wp:featuredmedia":[{"embeddable":true,"href":"https:\/\/diarioregionaldigital.com.br\/index.php?rest_route=\/wp\/v2\/media\/86620"}],"wp:attachment":[{"href":"https:\/\/diarioregionaldigital.com.br\/index.php?rest_route=%2Fwp%2Fv2%2Fmedia&parent=86621"}],"wp:term":[{"taxonomy":"category","embeddable":true,"href":"https:\/\/diarioregionaldigital.com.br\/index.php?rest_route=%2Fwp%2Fv2%2Fcategories&post=86621"},{"taxonomy":"post_tag","embeddable":true,"href":"https:\/\/diarioregionaldigital.com.br\/index.php?rest_route=%2Fwp%2Fv2%2Ftags&post=86621"}],"curies":[{"name":"wp","href":"https:\/\/api.w.org\/{rel}","templated":true}]}}