{"id":86619,"date":"2017-12-02T11:58:10","date_gmt":"2017-12-02T13:58:10","guid":{"rendered":"http:\/\/diarioregionaljf.com.br\/2017\/12\/02\/casal-e-assassinado-no-bairro-filgueiras\/"},"modified":"2017-12-02T11:58:10","modified_gmt":"2017-12-02T13:58:10","slug":"casal-e-assassinado-no-bairro-filgueiras","status":"publish","type":"post","link":"https:\/\/diarioregionaldigital.com.br\/?p=86619","title":{"rendered":"Casal \u00e9 assassinado no bairro Filgueiras"},"content":{"rendered":"<p>Um casal, 19 e 17 anos, foi assassinado na madrugada desse s\u00e1bado, 2, na Rua Vereador Jos\u00e9 Joaquim Sobreira, localizada no bairro Filgueiras, Nordeste. A Pol\u00edcia Militar (PM) foi informada que no local havia ocorrido um duplo homic\u00eddio e ao chegar encontrou o casal ca\u00eddo no ch\u00e3o.<\/p>\n<p>A equipe do Samu esteve no local, por\u00e9m as v\u00edtimas j\u00e1 se encontravam sem sinais vitais. A per\u00edcia tamb\u00e9m foi acionada e realizou os trabalhos de praxe.<\/p>\n<p>O jovem de 19 anos foi alvejado por cinco disparos de arma de fogo, sendo quatro no rosto e um no peito. A adolescente de 17 anos foi alvejada no ombro e um tiro de \u201crasp\u00e3o\u201d nas costas.<\/p>\n<p>Segundo o registro da ocorr\u00eancia, n\u00e3o houve testemunhas sobre o caso.<\/p>\n","protected":false},"excerpt":{"rendered":"<p>Um casal, 19 e 17 anos, foi assassinado na madrugada desse s\u00e1bado, 2, na Rua Vereador Jos\u00e9 Joaquim Sobreira, localizada no bairro Filgueiras, Nordeste. A Pol\u00edcia Militar (PM) foi informada que no local havia ocorrido um duplo homic\u00eddio e ao chegar encontrou o casal ca\u00eddo no ch\u00e3o. A equipe do Samu esteve no local, por\u00e9m [&hellip;]<\/p>\n","protected":false},"author":96,"featured_media":86618,"comment_status":"closed","ping_status":"closed","sticky":false,"template":"","format":"standard","meta":{"footnotes":""},"categories":[301],"tags":[],"class_list":["post-86619","post","type-post","status-publish","format-standard","has-post-thumbnail","hentry","category-artigos-policiais"],"_links":{"self":[{"href":"https:\/\/diarioregionaldigital.com.br\/index.php?rest_route=\/wp\/v2\/posts\/86619","targetHints":{"allow":["GET"]}}],"collection":[{"href":"https:\/\/diarioregionaldigital.com.br\/index.php?rest_route=\/wp\/v2\/posts"}],"about":[{"href":"https:\/\/diarioregionaldigital.com.br\/index.php?rest_route=\/wp\/v2\/types\/post"}],"author":[{"embeddable":true,"href":"https:\/\/diarioregionaldigital.com.br\/index.php?rest_route=\/wp\/v2\/users\/96"}],"replies":[{"embeddable":true,"href":"https:\/\/diarioregionaldigital.com.br\/index.php?rest_route=%2Fwp%2Fv2%2Fcomments&post=86619"}],"version-history":[{"count":0,"href":"https:\/\/diarioregionaldigital.com.br\/index.php?rest_route=\/wp\/v2\/posts\/86619\/revisions"}],"wp:featuredmedia":[{"embeddable":true,"href":"https:\/\/diarioregionaldigital.com.br\/index.php?rest_route=\/wp\/v2\/media\/86618"}],"wp:attachment":[{"href":"https:\/\/diarioregionaldigital.com.br\/index.php?rest_route=%2Fwp%2Fv2%2Fmedia&parent=86619"}],"wp:term":[{"taxonomy":"category","embeddable":true,"href":"https:\/\/diarioregionaldigital.com.br\/index.php?rest_route=%2Fwp%2Fv2%2Fcategories&post=86619"},{"taxonomy":"post_tag","embeddable":true,"href":"https:\/\/diarioregionaldigital.com.br\/index.php?rest_route=%2Fwp%2Fv2%2Ftags&post=86619"}],"curies":[{"name":"wp","href":"https:\/\/api.w.org\/{rel}","templated":true}]}}