{"id":86617,"date":"2017-12-02T11:44:20","date_gmt":"2017-12-02T13:44:20","guid":{"rendered":"http:\/\/diarioregionaljf.com.br\/2017\/12\/02\/quinta-edicao-do-biergarten-acontece-nesse-final-de-semana\/"},"modified":"2017-12-02T11:44:20","modified_gmt":"2017-12-02T13:44:20","slug":"quinta-edicao-do-biergarten-acontece-nesse-final-de-semana","status":"publish","type":"post","link":"https:\/\/diarioregionaldigital.com.br\/?p=86617","title":{"rendered":"Quinta edi\u00e7\u00e3o do \u201cBiergarten\u201d acontece nesse final de semana"},"content":{"rendered":"<p>A quinta edi\u00e7\u00e3o do &#8220;Biergarten&#8221; acontecer\u00e1 no Paque Halfeld, nesse final de semana. Nesse ano, o evento ter\u00e1 como destaque a presen\u00e7a de novas cervejarias locais, al\u00e9m de divers\u00e3o e lazer para todas as idades, com m\u00fasica ao vivo, culin\u00e1ria alem\u00e3 e atra\u00e7\u00f5es para crian\u00e7as. O evento \u00e9 realiza\u00e7\u00e3o da Associa\u00e7\u00e3o Brasileira de Bares e Restaurantes, Regional Zona da Mata, (Abrasel ZM) e, de acordo com sua presidente, Carla Pires, \u00e9 tido como pioneiro na cidade nesse segmento: &#8220;Ele pretende resgatar a cultura alem\u00e3 e divulgar a cidade como polo cervejeiro. Nesta edi\u00e7\u00e3o, o p\u00fablico poder\u00e1 escolher dentre nove cervejarias locais, al\u00e9m de quatro empresas no segmento de alimenta\u00e7\u00e3o em geral&#8221;.<\/p>\n<p>Estar\u00e3o presentes as cervejarias S\u00e3o Bartolomeu, Fathach, Profana, Arcana, Mr. Tugas, Arth\u00f3rius, Antu\u00e9rpia, Mirante e Gavioli. Na alimenta\u00e7\u00e3o, o evento contar\u00e1 com Das Haus Comedoria Alem\u00e3, Sublime Gelateria, Doces Dona Formiga e Churros Tia Nicinha.<\/p>\n<p>Em 2013, na primeira edi\u00e7\u00e3o do projeto, foi estimado p\u00fablico de aproximadamente mil pessoas. Segundo Carla, no segundo ano de realiza\u00e7\u00e3o foram mais de 15 mil pessoas. Em 2017 s\u00e3o esperadas de oito a dez mil pessoas.<\/p>\n<p>&#8220;A import\u00e2ncia de realizar esse evento \u00e9 fazer com que o p\u00fablico ocupe os espa\u00e7os p\u00fablicos da cidade, bem como \u00e1reas verdes. Por isso, o nome &#8216;Biergarten\u00b4, final de semana inteiro ao ar livre, para atender a todos os visitantes&#8221;, relatou a presidente.<\/p>\n<p>Dentre as atra\u00e7\u00f5es musicais, artistas locais, com apresenta\u00e7\u00f5es ao vivo.<\/p>\n<p>&nbsp;<\/p>\n<h4>PROGRAMA\u00c7\u00c3O<\/h4>\n<p><strong>S\u00e1bado, 2:<\/strong><br \/>15h30 &#8211; Duo Retr\u00f4<\/p>\n<p><strong>Domingo, 3:<\/strong><br \/>15h \u2013 Nelson<br \/>17h \u2013 Luciano Batista<\/p>\n<p>&nbsp;<\/p>\n<h4>EDITAL DE FOMENTO A PROJETOS TUR\u00cdSTICOS<\/h4>\n<p>O evento \u00e9 apoiado pelo Edital de Fomento a Projetos Turisticos, oferecido pela Secretaria de Deenvolvimento Econ\u00f4mico, Trabalho e Turismo (Sedettur) da Prefeitura de Juiz de Fora (PJF), em parceria com o Conselho Municipal de Turismo (Comtur).<\/p>\n<p>De acordo com a gerente do Departamento de Incentivo ao Turismo, Tatyana Hauck Herdy Hill, &#8220;o edital foi criado com objetivo de fomentar projetos que incrementem a economia do turismo, e eventos como o &#8216;Biergarten\u00b4 s\u00e3o importantes, pois refor\u00e7am a cultura cervejeira da cidade, valorizam as tradi\u00e7\u00f5es e movimentam o setor, gerando oportunidades de trabalho, al\u00e9m de fomentar a economia local&#8221;.<\/p>\n<p>Fonte: Assessoria<\/p>\n","protected":false},"excerpt":{"rendered":"<p>A quinta edi\u00e7\u00e3o do &#8220;Biergarten&#8221; acontecer\u00e1 no Paque Halfeld, nesse final de semana. Nesse ano, o evento ter\u00e1 como destaque a presen\u00e7a de novas cervejarias locais, al\u00e9m de divers\u00e3o e lazer para todas as idades, com m\u00fasica ao vivo, culin\u00e1ria alem\u00e3 e atra\u00e7\u00f5es para crian\u00e7as. O evento \u00e9 realiza\u00e7\u00e3o da Associa\u00e7\u00e3o Brasileira de Bares e [&hellip;]<\/p>\n","protected":false},"author":96,"featured_media":86616,"comment_status":"closed","ping_status":"closed","sticky":false,"template":"","format":"standard","meta":{"footnotes":""},"categories":[253],"tags":[],"class_list":["post-86617","post","type-post","status-publish","format-standard","has-post-thumbnail","hentry","category-cidade"],"_links":{"self":[{"href":"https:\/\/diarioregionaldigital.com.br\/index.php?rest_route=\/wp\/v2\/posts\/86617","targetHints":{"allow":["GET"]}}],"collection":[{"href":"https:\/\/diarioregionaldigital.com.br\/index.php?rest_route=\/wp\/v2\/posts"}],"about":[{"href":"https:\/\/diarioregionaldigital.com.br\/index.php?rest_route=\/wp\/v2\/types\/post"}],"author":[{"embeddable":true,"href":"https:\/\/diarioregionaldigital.com.br\/index.php?rest_route=\/wp\/v2\/users\/96"}],"replies":[{"embeddable":true,"href":"https:\/\/diarioregionaldigital.com.br\/index.php?rest_route=%2Fwp%2Fv2%2Fcomments&post=86617"}],"version-history":[{"count":0,"href":"https:\/\/diarioregionaldigital.com.br\/index.php?rest_route=\/wp\/v2\/posts\/86617\/revisions"}],"wp:featuredmedia":[{"embeddable":true,"href":"https:\/\/diarioregionaldigital.com.br\/index.php?rest_route=\/wp\/v2\/media\/86616"}],"wp:attachment":[{"href":"https:\/\/diarioregionaldigital.com.br\/index.php?rest_route=%2Fwp%2Fv2%2Fmedia&parent=86617"}],"wp:term":[{"taxonomy":"category","embeddable":true,"href":"https:\/\/diarioregionaldigital.com.br\/index.php?rest_route=%2Fwp%2Fv2%2Fcategories&post=86617"},{"taxonomy":"post_tag","embeddable":true,"href":"https:\/\/diarioregionaldigital.com.br\/index.php?rest_route=%2Fwp%2Fv2%2Ftags&post=86617"}],"curies":[{"name":"wp","href":"https:\/\/api.w.org\/{rel}","templated":true}]}}