{"id":86615,"date":"2017-12-02T11:26:27","date_gmt":"2017-12-02T13:26:27","guid":{"rendered":"http:\/\/diarioregionaljf.com.br\/2017\/12\/02\/sau-divulga-escala-de-dezembro-para-atendimento-tecnico-de-analise-de-projetos\/"},"modified":"2017-12-02T11:26:27","modified_gmt":"2017-12-02T13:26:27","slug":"sau-divulga-escala-de-dezembro-para-atendimento-tecnico-de-analise-de-projetos","status":"publish","type":"post","link":"https:\/\/diarioregionaldigital.com.br\/?p=86615","title":{"rendered":"SAU divulga escala de dezembro para atendimento t\u00e9cnico de an\u00e1lise de projetos"},"content":{"rendered":"<p>A Secretaria de Atividades Urbanas (SAU) da Prefeitura de Juiz de Fora (PJF) divulgou nessa sexta-feira, 1\u00b0 de dezembro, a escala de plant\u00e3o do m\u00eas para atendimento t\u00e9cnico do setor de an\u00e1lise de projetos do Departamento de Licenciamento de Obras e Parcelamentos Urbanos (DLU). A a\u00e7\u00e3o visa disponibilizar mensalmente tais informa\u00e7\u00f5es no site da PJF, objetivando maior intera\u00e7\u00e3o do departamento com o cidad\u00e3o. O objetivo \u00e9 evitar que os interessados tenham que comparecer previamente ao DLU para verificar qual o hor\u00e1rio em que determinado analista estar\u00e1 de plant\u00e3o para orientar e esclarecer d\u00favidas espec\u00edficas sobre projetos ou interpreta\u00e7\u00e3o da legisla\u00e7\u00e3o urban\u00edstica.<\/p>\n<p>&nbsp;<\/p>\n<h4>O DLU<\/h4>\n<p>O departamento \u00e9 respons\u00e1vel por interpretar e propor modifica\u00e7\u00f5es para atualiza\u00e7\u00e3o da legisla\u00e7\u00e3o urbana municipal, observando as diretrizes gerais constantes do Plano Diretor de Desenvolvimento Urbano e demais leis vigentes. Emite informa\u00e7\u00f5es b\u00e1sicas para elabora\u00e7\u00e3o de projetos de constru\u00e7\u00e3o e regulariza\u00e7\u00e3o, incluindo an\u00e1lise e aprova\u00e7\u00e3o. O DLU est\u00e1 localizado no Edif\u00edcio \u201cAdhemar Rezende\u201d, na Avenida Rio Branco, n\u00ba1.843, 3\u00ba andar, no Centro. Confira a escala em <a href=\"https:\/\/www.pjf.mg.gov.br\/noticias\/anexo\/escala_sau.pdf\">anexo<\/a>.<\/p>\n<p>Fonte: Assessoria<\/p>\n","protected":false},"excerpt":{"rendered":"<p>A Secretaria de Atividades Urbanas (SAU) da Prefeitura de Juiz de Fora (PJF) divulgou nessa sexta-feira, 1\u00b0 de dezembro, a escala de plant\u00e3o do m\u00eas para atendimento t\u00e9cnico do setor de an\u00e1lise de projetos do Departamento de Licenciamento de Obras e Parcelamentos Urbanos (DLU). A a\u00e7\u00e3o visa disponibilizar mensalmente tais informa\u00e7\u00f5es no site da PJF, [&hellip;]<\/p>\n","protected":false},"author":96,"featured_media":86614,"comment_status":"closed","ping_status":"closed","sticky":false,"template":"","format":"standard","meta":{"footnotes":""},"categories":[253],"tags":[],"class_list":["post-86615","post","type-post","status-publish","format-standard","has-post-thumbnail","hentry","category-cidade"],"_links":{"self":[{"href":"https:\/\/diarioregionaldigital.com.br\/index.php?rest_route=\/wp\/v2\/posts\/86615","targetHints":{"allow":["GET"]}}],"collection":[{"href":"https:\/\/diarioregionaldigital.com.br\/index.php?rest_route=\/wp\/v2\/posts"}],"about":[{"href":"https:\/\/diarioregionaldigital.com.br\/index.php?rest_route=\/wp\/v2\/types\/post"}],"author":[{"embeddable":true,"href":"https:\/\/diarioregionaldigital.com.br\/index.php?rest_route=\/wp\/v2\/users\/96"}],"replies":[{"embeddable":true,"href":"https:\/\/diarioregionaldigital.com.br\/index.php?rest_route=%2Fwp%2Fv2%2Fcomments&post=86615"}],"version-history":[{"count":0,"href":"https:\/\/diarioregionaldigital.com.br\/index.php?rest_route=\/wp\/v2\/posts\/86615\/revisions"}],"wp:featuredmedia":[{"embeddable":true,"href":"https:\/\/diarioregionaldigital.com.br\/index.php?rest_route=\/wp\/v2\/media\/86614"}],"wp:attachment":[{"href":"https:\/\/diarioregionaldigital.com.br\/index.php?rest_route=%2Fwp%2Fv2%2Fmedia&parent=86615"}],"wp:term":[{"taxonomy":"category","embeddable":true,"href":"https:\/\/diarioregionaldigital.com.br\/index.php?rest_route=%2Fwp%2Fv2%2Fcategories&post=86615"},{"taxonomy":"post_tag","embeddable":true,"href":"https:\/\/diarioregionaldigital.com.br\/index.php?rest_route=%2Fwp%2Fv2%2Ftags&post=86615"}],"curies":[{"name":"wp","href":"https:\/\/api.w.org\/{rel}","templated":true}]}}