{"id":86613,"date":"2017-12-02T11:20:24","date_gmt":"2017-12-02T13:20:24","guid":{"rendered":"http:\/\/diarioregionaljf.com.br\/2017\/12\/02\/preco-da-cesta-basica-regional-apresenta-aumento-de-r-5-63\/"},"modified":"2017-12-02T11:20:24","modified_gmt":"2017-12-02T13:20:24","slug":"preco-da-cesta-basica-regional-apresenta-aumento-de-r-5-63","status":"publish","type":"post","link":"https:\/\/diarioregionaldigital.com.br\/?p=86613","title":{"rendered":"Pre\u00e7o da cesta b\u00e1sica regional apresenta aumento de R$5,63"},"content":{"rendered":"<p>A pesquisa semanal de pre\u00e7os realizada pela Secretaria de Agropecu\u00e1ria e Abastecimento (SAA) da Prefeitura de Juiz de Fora (PJF), divulgada nessa quinta-feira, 30 de novembro, revelou aumento no pre\u00e7o da cesta b\u00e1sica regional. O valor registrado foi de R$282,67. Em compara\u00e7\u00e3o com a semana anterior, a cesta ficou R$5,63 mais cara. Em percentual, o aumento foi de 2,03%. A pesquisa aponta que o valor representa 32,79% do valor do sal\u00e1rio m\u00ednimo, ou o equivalente \u00e0 quantia obtida em dez dias de trabalho.<\/p>\n<p>Considerando uma fam\u00edlia com quatro pessoas, sendo duas adultas e duas crian\u00e7as, e levando em conta a propor\u00e7\u00e3o de duas crian\u00e7as por uma pessoa adulta, o gasto ser\u00e1 de R$848,01, conforme c\u00e1lculo realizado pelo Departamento Intersindical de Estat\u00edsticas e Estudos Socioecon\u00f4micos (Dieese) e da SAA.<\/p>\n<p>Os produtos que apresentaram os maiores aumentos de pre\u00e7os na semana s\u00e3o o p\u00e3o de sal franc\u00eas (13,32%), a banana prata (11,01%) e o pernil su\u00ed\u00e7o (8,45%). As maiores quedas foram registradas por produtos como cebola (-10,44%), ovo branco (-10,10%) e tomate (-9,73%).<\/p>\n<p>Fonte: Assessoria<\/p>\n","protected":false},"excerpt":{"rendered":"<p>A pesquisa semanal de pre\u00e7os realizada pela Secretaria de Agropecu\u00e1ria e Abastecimento (SAA) da Prefeitura de Juiz de Fora (PJF), divulgada nessa quinta-feira, 30 de novembro, revelou aumento no pre\u00e7o da cesta b\u00e1sica regional. O valor registrado foi de R$282,67. Em compara\u00e7\u00e3o com a semana anterior, a cesta ficou R$5,63 mais cara. Em percentual, o [&hellip;]<\/p>\n","protected":false},"author":96,"featured_media":86612,"comment_status":"closed","ping_status":"closed","sticky":false,"template":"","format":"standard","meta":{"footnotes":""},"categories":[261],"tags":[],"class_list":["post-86613","post","type-post","status-publish","format-standard","has-post-thumbnail","hentry","category-economia"],"_links":{"self":[{"href":"https:\/\/diarioregionaldigital.com.br\/index.php?rest_route=\/wp\/v2\/posts\/86613","targetHints":{"allow":["GET"]}}],"collection":[{"href":"https:\/\/diarioregionaldigital.com.br\/index.php?rest_route=\/wp\/v2\/posts"}],"about":[{"href":"https:\/\/diarioregionaldigital.com.br\/index.php?rest_route=\/wp\/v2\/types\/post"}],"author":[{"embeddable":true,"href":"https:\/\/diarioregionaldigital.com.br\/index.php?rest_route=\/wp\/v2\/users\/96"}],"replies":[{"embeddable":true,"href":"https:\/\/diarioregionaldigital.com.br\/index.php?rest_route=%2Fwp%2Fv2%2Fcomments&post=86613"}],"version-history":[{"count":0,"href":"https:\/\/diarioregionaldigital.com.br\/index.php?rest_route=\/wp\/v2\/posts\/86613\/revisions"}],"wp:featuredmedia":[{"embeddable":true,"href":"https:\/\/diarioregionaldigital.com.br\/index.php?rest_route=\/wp\/v2\/media\/86612"}],"wp:attachment":[{"href":"https:\/\/diarioregionaldigital.com.br\/index.php?rest_route=%2Fwp%2Fv2%2Fmedia&parent=86613"}],"wp:term":[{"taxonomy":"category","embeddable":true,"href":"https:\/\/diarioregionaldigital.com.br\/index.php?rest_route=%2Fwp%2Fv2%2Fcategories&post=86613"},{"taxonomy":"post_tag","embeddable":true,"href":"https:\/\/diarioregionaldigital.com.br\/index.php?rest_route=%2Fwp%2Fv2%2Ftags&post=86613"}],"curies":[{"name":"wp","href":"https:\/\/api.w.org\/{rel}","templated":true}]}}