{"id":86611,"date":"2017-12-02T11:14:10","date_gmt":"2017-12-02T13:14:10","guid":{"rendered":"http:\/\/diarioregionaljf.com.br\/2017\/12\/02\/settra-altera-transito-em-bairros-das-regioes-norte-e-ecentral\/"},"modified":"2017-12-02T11:14:10","modified_gmt":"2017-12-02T13:14:10","slug":"settra-altera-transito-em-bairros-das-regioes-norte-e-ecentral","status":"publish","type":"post","link":"https:\/\/diarioregionaldigital.com.br\/?p=86611","title":{"rendered":"Settra altera tr\u00e2nsito em bairros das regi\u00f5es Norte e Central"},"content":{"rendered":"<p>Nesse s\u00e1bado, 2, e domingo, 3, e nesta segunda-feira, 4, a Secretaria de Transporte e Tr\u00e2nsito (Settra) da Prefeitura de Juiz de Fora (PJF) promover\u00e1 interdi\u00e7\u00f5es nas vias das regi\u00f5es Central e Norte, para realiza\u00e7\u00e3o da &#8220;Carreata da Uni\u00e3o&#8221;, no Bairro Ara\u00fajo, e trabalhos de manuten\u00e7\u00e3o da linha f\u00e9rrea e mais uma edi\u00e7\u00e3o do &#8220;Bem Comum Lazer&#8221;, no Centro.<\/p>\n<p>Nesse s\u00e1bado, das 14h \u00e0s 18h, haver\u00e1 interdi\u00e7\u00e3o total na Rua Benjamin Constant, entre Avenida Francisco Bernardino e Rua Jos\u00e9 Calil Ahouagi (passagem de n\u00edvel) para manuten\u00e7\u00e3o. O fechamento da via se repetir\u00e1 no domingo, das 14h \u00e0s 5h de segunda-feira. Devido \u00e0 interven\u00e7\u00e3o, o itiner\u00e1rio de algumas linhas do transporte coletivo ser\u00e1 modificado, conforme <a href=\"https:\/\/www.pjf.mg.gov.br\/noticias\/anexo\/Transporte%20Coletivo.pdf\">anexo<\/a>.<\/p>\n<p>Tamb\u00e9m neste s\u00e1bado, a partir das 17h30, as vias que fazem parte do percurso da \u201cCarreata da Uni\u00e3o\u201d ser\u00e3o fechadas parcialmente. O trajeto, com in\u00edcio na Pra\u00e7a do Bairro Nova Benfica, seguir\u00e1 pelas ruas Pedro Timponi, Martins Barbosa, Evaristo da Veiga, In\u00eas Garcia, Mar\u00edlia, Martins Barbosa, Evaristo da Veiga, Henrique Dias, Diogo \u00c1lvares e Tom\u00e9 de Souza, e Avenida Presidente Juscelino Kubitschek at\u00e9 a Pra\u00e7a do Centro de Artes e Esportes Unificados (CEU), retornando pela mesma avenida, sentido Centro\/bairro, transpondo a linha f\u00e9rrea, passando pelas ruas Maria Eug\u00eania e Eug\u00eanio de Montreuil, at\u00e9 a Igreja do Evangelho Quadrangular.<\/p>\n<p>&nbsp;<\/p>\n<h4>BEM COMUM LAZER<\/h4>\n<p>Nesse domingo, das 6h \u00e0s 13h, a pista central da Avenida Rio Branco, no trecho entre a Rua Doutor Romualdo e a Avenida Doutor Jos\u00e9 Proc\u00f3pio Teixeira ficar\u00e1 fechada para o tr\u00e2nsito de ve\u00edculos.<\/p>\n<p>Os \u00f4nibus que circulam no sentido bairros Manoel Hon\u00f3rio\/Bom Pastor deixar\u00e3o a faixa central no cruzamento com a Avenida Presidente Itamar Franco, devendo utilizar a pista lateral. Na dire\u00e7\u00e3o contr\u00e1ria dever\u00e3o retornar \u00e0 faixa central no cruzamento com a Rua Doutor Romualdo. Os pontos de parada na pista lateral ser\u00e3o em frente aos atuais da pista central.<\/p>\n<p>Haver\u00e1 apoio dos agentes de tr\u00e2nsito nos locais e ser\u00e1 garantido o acesso dos moradores \u00e0s \u00e1reas interditadas.<\/p>\n<p>Fonte: Assessoria<\/p>\n","protected":false},"excerpt":{"rendered":"<p>Nesse s\u00e1bado, 2, e domingo, 3, e nesta segunda-feira, 4, a Secretaria de Transporte e Tr\u00e2nsito (Settra) da Prefeitura de Juiz de Fora (PJF) promover\u00e1 interdi\u00e7\u00f5es nas vias das regi\u00f5es Central e Norte, para realiza\u00e7\u00e3o da &#8220;Carreata da Uni\u00e3o&#8221;, no Bairro Ara\u00fajo, e trabalhos de manuten\u00e7\u00e3o da linha f\u00e9rrea e mais uma edi\u00e7\u00e3o do &#8220;Bem [&hellip;]<\/p>\n","protected":false},"author":96,"featured_media":86610,"comment_status":"closed","ping_status":"closed","sticky":false,"template":"","format":"standard","meta":{"footnotes":""},"categories":[253],"tags":[],"class_list":["post-86611","post","type-post","status-publish","format-standard","has-post-thumbnail","hentry","category-cidade"],"_links":{"self":[{"href":"https:\/\/diarioregionaldigital.com.br\/index.php?rest_route=\/wp\/v2\/posts\/86611","targetHints":{"allow":["GET"]}}],"collection":[{"href":"https:\/\/diarioregionaldigital.com.br\/index.php?rest_route=\/wp\/v2\/posts"}],"about":[{"href":"https:\/\/diarioregionaldigital.com.br\/index.php?rest_route=\/wp\/v2\/types\/post"}],"author":[{"embeddable":true,"href":"https:\/\/diarioregionaldigital.com.br\/index.php?rest_route=\/wp\/v2\/users\/96"}],"replies":[{"embeddable":true,"href":"https:\/\/diarioregionaldigital.com.br\/index.php?rest_route=%2Fwp%2Fv2%2Fcomments&post=86611"}],"version-history":[{"count":0,"href":"https:\/\/diarioregionaldigital.com.br\/index.php?rest_route=\/wp\/v2\/posts\/86611\/revisions"}],"wp:featuredmedia":[{"embeddable":true,"href":"https:\/\/diarioregionaldigital.com.br\/index.php?rest_route=\/wp\/v2\/media\/86610"}],"wp:attachment":[{"href":"https:\/\/diarioregionaldigital.com.br\/index.php?rest_route=%2Fwp%2Fv2%2Fmedia&parent=86611"}],"wp:term":[{"taxonomy":"category","embeddable":true,"href":"https:\/\/diarioregionaldigital.com.br\/index.php?rest_route=%2Fwp%2Fv2%2Fcategories&post=86611"},{"taxonomy":"post_tag","embeddable":true,"href":"https:\/\/diarioregionaldigital.com.br\/index.php?rest_route=%2Fwp%2Fv2%2Ftags&post=86611"}],"curies":[{"name":"wp","href":"https:\/\/api.w.org\/{rel}","templated":true}]}}