{"id":86609,"date":"2017-12-02T11:08:02","date_gmt":"2017-12-02T13:08:02","guid":{"rendered":"http:\/\/diarioregionaljf.com.br\/2017\/12\/02\/aluno-da-e-m-tancredo-neves-ganha-ouro-no-jogos-da-juventude-em-brasilia\/"},"modified":"2017-12-02T11:08:02","modified_gmt":"2017-12-02T13:08:02","slug":"aluno-da-e-m-tancredo-neves-ganha-ouro-no-jogos-da-juventude-em-brasilia","status":"publish","type":"post","link":"https:\/\/diarioregionaldigital.com.br\/?p=86609","title":{"rendered":"Aluno da E.M. \u201cTancredo Neves\u201d ganha ouro no \u201cJogos da Juventude\u201d em Bras\u00edlia"},"content":{"rendered":"<p>O segundo m\u00f3dulo do \u201cJogos da Juventude\u201d, realizado em Bras\u00edlia em novembro, teve como destaque o juiz-forano Lu\u00eds Maur\u00edcio Dias, um dos representantes do masculino na disputa do campeonato, competindo com lan\u00e7amento do dardo e disco. Ele \u00e9 aluno da Escola Municipal (E.M.) \u201cTancredo Neves\u201d, e conquistou o primeiro lugar na categoria et\u00e1ria e no lan\u00e7amento de dardo, com arremesso de 66,68 metros, conferindo o melhor n\u00famero da competi\u00e7\u00e3o e o segundo mais extenso do continente no ano. E conquistando, assim, a medalha de ouro da modalidade.<\/p>\n<p>J\u00e1 no lan\u00e7amento de disco, Lu\u00eds Maur\u00edcio alcan\u00e7ou o bronze, com dist\u00e2ncia de 56,40 metros. No primeiro m\u00f3dulo do campeonato, fase estadual, realizado no primeiro semestre, em Belo Horizonte, ele j\u00e1 havia sido o destaque individual da competi\u00e7\u00e3o. O atletismo teve sete estudantes de Juiz de Fora, com idade de 15 a 17 anos. Pablo Ramon Rodrigues, t\u00e9cnico do \u201cCria UFJF\u201d (Universidade Federal de Juiz de Fora), \u00e9 quem comandou a sele\u00e7\u00e3o na disputa do campeonato estudantil mais significativo do pa\u00eds.<\/p>\n<p>A competi\u00e7\u00e3o \u00e9 iniciativa do Governo de Minas, desenvolvida por meio das secretarias de Estado de Esportes e da Educa\u00e7\u00e3o, visando o aumento do v\u00ednculo aluno-atleta com a escola, contribuindo para a diminui\u00e7\u00e3o da evas\u00e3o escolar, al\u00e9m de propiciar a identifica\u00e7\u00e3o de novos talentos esportivos, atuando como canal de integra\u00e7\u00e3o e aprendizado dos alunos envolvidos no projeto.<\/p>\n<p>Fonte: Assessoria<\/p>\n","protected":false},"excerpt":{"rendered":"<p>O segundo m\u00f3dulo do \u201cJogos da Juventude\u201d, realizado em Bras\u00edlia em novembro, teve como destaque o juiz-forano Lu\u00eds Maur\u00edcio Dias, um dos representantes do masculino na disputa do campeonato, competindo com lan\u00e7amento do dardo e disco. Ele \u00e9 aluno da Escola Municipal (E.M.) \u201cTancredo Neves\u201d, e conquistou o primeiro lugar na categoria et\u00e1ria e no [&hellip;]<\/p>\n","protected":false},"author":96,"featured_media":86608,"comment_status":"closed","ping_status":"closed","sticky":false,"template":"","format":"standard","meta":{"footnotes":""},"categories":[253],"tags":[],"class_list":["post-86609","post","type-post","status-publish","format-standard","has-post-thumbnail","hentry","category-cidade"],"_links":{"self":[{"href":"https:\/\/diarioregionaldigital.com.br\/index.php?rest_route=\/wp\/v2\/posts\/86609","targetHints":{"allow":["GET"]}}],"collection":[{"href":"https:\/\/diarioregionaldigital.com.br\/index.php?rest_route=\/wp\/v2\/posts"}],"about":[{"href":"https:\/\/diarioregionaldigital.com.br\/index.php?rest_route=\/wp\/v2\/types\/post"}],"author":[{"embeddable":true,"href":"https:\/\/diarioregionaldigital.com.br\/index.php?rest_route=\/wp\/v2\/users\/96"}],"replies":[{"embeddable":true,"href":"https:\/\/diarioregionaldigital.com.br\/index.php?rest_route=%2Fwp%2Fv2%2Fcomments&post=86609"}],"version-history":[{"count":0,"href":"https:\/\/diarioregionaldigital.com.br\/index.php?rest_route=\/wp\/v2\/posts\/86609\/revisions"}],"wp:featuredmedia":[{"embeddable":true,"href":"https:\/\/diarioregionaldigital.com.br\/index.php?rest_route=\/wp\/v2\/media\/86608"}],"wp:attachment":[{"href":"https:\/\/diarioregionaldigital.com.br\/index.php?rest_route=%2Fwp%2Fv2%2Fmedia&parent=86609"}],"wp:term":[{"taxonomy":"category","embeddable":true,"href":"https:\/\/diarioregionaldigital.com.br\/index.php?rest_route=%2Fwp%2Fv2%2Fcategories&post=86609"},{"taxonomy":"post_tag","embeddable":true,"href":"https:\/\/diarioregionaldigital.com.br\/index.php?rest_route=%2Fwp%2Fv2%2Ftags&post=86609"}],"curies":[{"name":"wp","href":"https:\/\/api.w.org\/{rel}","templated":true}]}}