{"id":86586,"date":"2017-12-01T22:07:00","date_gmt":"2017-12-02T00:07:00","guid":{"rendered":"http:\/\/diarioregionaljf.com.br\/2017\/12\/01\/cine-theatro-central-abre-inscricoes-para-ocupacao-artistico-cultural-em-2018\/"},"modified":"2017-12-01T22:07:00","modified_gmt":"2017-12-02T00:07:00","slug":"cine-theatro-central-abre-inscricoes-para-ocupacao-artistico-cultural-em-2018","status":"publish","type":"post","link":"https:\/\/diarioregionaldigital.com.br\/?p=86586","title":{"rendered":"Cine-Theatro Central abre inscri\u00e7\u00f5es para ocupa\u00e7\u00e3o art\u00edstico-cultural em 2018"},"content":{"rendered":"<p>O Cine-Theatro Central, da Universidade Federal de Juiz de Fora (UFJF), abriu chamada p\u00fablica para ocupa\u00e7\u00e3o art\u00edstico-cultural do espa\u00e7o em 2018. Est\u00e3o sendo disponibilizadas 105 datas para agendamentos de espet\u00e1culos e eventos, das quais at\u00e9 60 s\u00e3o destinadas a espet\u00e1culos de teatro adulto e infantil; dan\u00e7a; m\u00fasica; confer\u00eancias; palestras; formaturas e afins que constituir\u00e3o a pauta de eventos do teatro no per\u00edodo de 10 de janeiro a 31 de dezembro de 2018. Outras 30 vagas s\u00e3o reservadas para demanda espont\u00e2nea, em que produtores podem se candidatar a sua ocupa\u00e7\u00e3o a qualquer momento ao longo do mesmo per\u00edodo, e at\u00e9 15 referem-se a datas disponibilizadas pelo Projeto Luz da Terra a produtores locais. As inscri\u00e7\u00f5es para os interessados j\u00e1 est\u00e3o abertas.<\/p>\n<p>A chamada p\u00fablica tem o objetivo de selecionar espet\u00e1culos \u201cque contribuam com o processo de frui\u00e7\u00e3o de bens culturais na cidade, estimulem o desenvolvimento e o aprimoramento das produ\u00e7\u00f5es e levem espet\u00e1culos de qualidade ao p\u00fablico juiz-forano\u201d. No caso espec\u00edfico do Luz da Terra, o projeto de democratiza\u00e7\u00e3o do acesso ao Cine-Theatro Central busca selecionar atividades art\u00edsticas e culturais de produtores locais que resultem em apresenta\u00e7\u00f5es abertas ao p\u00fablico em geral nas \u00e1reas de teatro, m\u00fasica, literatura e outras.<\/p>\n<p>O processo seletivo do Luz da Terra levar\u00e1 em conta crit\u00e9rios como originalidade e ineditismo, relev\u00e2ncia cultural, extens\u00e3o cultural e social da proposta e viabilidade da realiza\u00e7\u00e3o, entre outros aspectos. Cada proposta inscrita poder\u00e1 pleitear uma data no per\u00edodo compreendido entre os dias 10 de janeiro e 31 de dezembro de 2018.<\/p>\n<p>&nbsp;<\/p>\n<h4>CRONOGRAMA<\/h4>\n<p>&#8211; Inscri\u00e7\u00f5es: at\u00e9 18 de janeiro, de ter\u00e7a a sexta-feira, das 9h \u00e0s 12h e das 14h \u00e0s 17h, no Cine-Theatro Central, localizado na Pra\u00e7a Jo\u00e3o Pessoa s\/n, no Centro da cidade<br \/>&#8211; Per\u00edodo de avalia\u00e7\u00e3o: at\u00e9 21 de dezembro<br \/>&#8211; Resultado: at\u00e9 22 de dezembro<br \/>&#8211; Interposi\u00e7\u00e3o de recurso: de 23 a 27 de dezembro<br \/>&#8211; Resultado final: at\u00e9 4 de janeiro<\/p>\n<p>&nbsp;<\/p>\n<h4>EDITAL LUZ DA TERRA<\/h4>\n<p>&#8211; Inscri\u00e7\u00f5es: at\u00e9 18 de dezembro, de ter\u00e7a a sexta-feira, das 9h \u00e0s 12h e das 14h \u00e0s 17h, na secretaria do Cine-Theatro Central, localizado na Pra\u00e7a Jo\u00e3o Pessoa s\/n\u00ba, no Centro da cidade<br \/>&#8211; Resultado: 22 de dezembro<br \/>&#8211; Interposi\u00e7\u00e3o de recurso: de 23 a 27 de dezembro<br \/>&#8211; Resultado final: 4 de janeiro<\/p>\n<p>&nbsp;<\/p>\n<p>Fonte: Assessoria<\/p>\n","protected":false},"excerpt":{"rendered":"<p>O Cine-Theatro Central, da Universidade Federal de Juiz de Fora (UFJF), abriu chamada p\u00fablica para ocupa\u00e7\u00e3o art\u00edstico-cultural do espa\u00e7o em 2018. Est\u00e3o sendo disponibilizadas 105 datas para agendamentos de espet\u00e1culos e eventos, das quais at\u00e9 60 s\u00e3o destinadas a espet\u00e1culos de teatro adulto e infantil; dan\u00e7a; m\u00fasica; confer\u00eancias; palestras; formaturas e afins que constituir\u00e3o a [&hellip;]<\/p>\n","protected":false},"author":96,"featured_media":86585,"comment_status":"closed","ping_status":"closed","sticky":false,"template":"","format":"standard","meta":{"footnotes":""},"categories":[253],"tags":[],"class_list":["post-86586","post","type-post","status-publish","format-standard","has-post-thumbnail","hentry","category-cidade"],"_links":{"self":[{"href":"https:\/\/diarioregionaldigital.com.br\/index.php?rest_route=\/wp\/v2\/posts\/86586","targetHints":{"allow":["GET"]}}],"collection":[{"href":"https:\/\/diarioregionaldigital.com.br\/index.php?rest_route=\/wp\/v2\/posts"}],"about":[{"href":"https:\/\/diarioregionaldigital.com.br\/index.php?rest_route=\/wp\/v2\/types\/post"}],"author":[{"embeddable":true,"href":"https:\/\/diarioregionaldigital.com.br\/index.php?rest_route=\/wp\/v2\/users\/96"}],"replies":[{"embeddable":true,"href":"https:\/\/diarioregionaldigital.com.br\/index.php?rest_route=%2Fwp%2Fv2%2Fcomments&post=86586"}],"version-history":[{"count":0,"href":"https:\/\/diarioregionaldigital.com.br\/index.php?rest_route=\/wp\/v2\/posts\/86586\/revisions"}],"wp:featuredmedia":[{"embeddable":true,"href":"https:\/\/diarioregionaldigital.com.br\/index.php?rest_route=\/wp\/v2\/media\/86585"}],"wp:attachment":[{"href":"https:\/\/diarioregionaldigital.com.br\/index.php?rest_route=%2Fwp%2Fv2%2Fmedia&parent=86586"}],"wp:term":[{"taxonomy":"category","embeddable":true,"href":"https:\/\/diarioregionaldigital.com.br\/index.php?rest_route=%2Fwp%2Fv2%2Fcategories&post=86586"},{"taxonomy":"post_tag","embeddable":true,"href":"https:\/\/diarioregionaldigital.com.br\/index.php?rest_route=%2Fwp%2Fv2%2Ftags&post=86586"}],"curies":[{"name":"wp","href":"https:\/\/api.w.org\/{rel}","templated":true}]}}